{"id":137488,"date":"2022-01-01T15:31:54","date_gmt":"2022-01-01T20:31:54","guid":{"rendered":"https:\/\/linitiative.ca\/International\/tunisie-sessions-dexamens-speciales-pour-les-etudiants-qui-ont-eu-le-covid\/"},"modified":"2022-01-01T15:31:54","modified_gmt":"2022-01-01T20:31:54","slug":"tunisie-sessions-dexamens-speciales-pour-les-etudiants-qui-ont-eu-le-covid","status":"publish","type":"post","link":"https:\/\/linitiative.ca\/International\/tunisie-sessions-dexamens-speciales-pour-les-etudiants-qui-ont-eu-le-covid\/","title":{"rendered":"Tunisie \u2013 Sessions d\u2019examens sp\u00e9ciales pour les \u00e9tudiants qui ont eu le covid"},"content":{"rendered":"<div>\n<p>Le minist\u00e8re de l\u2019enseignement sup\u00e9rieur a annonc\u00e9 la tenue d\u2019une session d\u2019examens, sp\u00e9ciale pour les \u00e9tudiants ayant rat\u00e9 leurs partiels du premier semestre, \u00e0 cause de leur atteinte par le covid. Les \u00e9tudiants d\u00e9sireux de passer ces examens devront pr\u00e9senter \u00e0 la direction de leur institution universitaire le r\u00e9sultat de leur test covid, ou un [\u2026]<\/p>\n<p>L\u2019article <a href=\"https:\/\/www.tunisienumerique.com\/tunisie-sessions-dexamens-speciales-pour-les-etudiants-qui-ont-eu-le-covid\/\">Tunisie \u2013 Sessions d\u2019examens sp\u00e9ciales pour les \u00e9tudiants qui ont eu le covid<\/a> est apparu en premier sur <a href=\"https:\/\/www.tunisienumerique.com\/\">Tunisie<\/a>.<\/p>\n<\/div>\n<p>Auteur: LM<br \/>\n<a href=\"https:\/\/www.tunisienumerique.com\/tunisie-sessions-dexamens-speciales-pour-les-etudiants-qui-ont-eu-le-covid\/\">Cliquez ici pour lire l&rsquo;article depuis sa source.<\/a><\/p>\n","protected":false},"excerpt":{"rendered":"<p>Le minist\u00e8re de l\u2019enseignement sup\u00e9rieur a annonc\u00e9 la tenue d\u2019une session d\u2019examens, sp\u00e9ciale pour les \u00e9tudiants ayant rat\u00e9 leurs partiels du premier semestre, \u00e0 cause de leur atteinte par le covid. Les \u00e9tudiants d\u00e9sireux de passer ces examens devront pr\u00e9senter \u00e0 la direction de leur institution universitaire le r\u00e9sultat de leur test covid, ou un [&hellip;]<\/p>\n","protected":false},"author":1789,"featured_media":0,"comment_status":"closed","ping_status":"closed","sticky":false,"template":"","format":"standard","meta":{"fifu_image_url":"","fifu_image_alt":"","footnotes":""},"categories":[73,55],"tags":[],"class_list":["post-137488","post","type-post","status-publish","format-standard","hentry","category-actualite","category-tunisie"],"_links":{"self":[{"href":"https:\/\/linitiative.ca\/International\/wp-json\/wp\/v2\/posts\/137488","targetHints":{"allow":["GET"]}}],"collection":[{"href":"https:\/\/linitiative.ca\/International\/wp-json\/wp\/v2\/posts"}],"about":[{"href":"https:\/\/linitiative.ca\/International\/wp-json\/wp\/v2\/types\/post"}],"author":[{"embeddable":true,"href":"https:\/\/linitiative.ca\/International\/wp-json\/wp\/v2\/users\/1789"}],"replies":[{"embeddable":true,"href":"https:\/\/linitiative.ca\/International\/wp-json\/wp\/v2\/comments?post=137488"}],"version-history":[{"count":0,"href":"https:\/\/linitiative.ca\/International\/wp-json\/wp\/v2\/posts\/137488\/revisions"}],"wp:attachment":[{"href":"https:\/\/linitiative.ca\/International\/wp-json\/wp\/v2\/media?parent=137488"}],"wp:term":[{"taxonomy":"category","embeddable":true,"href":"https:\/\/linitiative.ca\/International\/wp-json\/wp\/v2\/categories?post=137488"},{"taxonomy":"post_tag","embeddable":true,"href":"https:\/\/linitiative.ca\/International\/wp-json\/wp\/v2\/tags?post=137488"}],"curies":[{"name":"wp","href":"https:\/\/api.w.org\/{rel}","templated":true}]}}