{"id":137490,"date":"2022-01-01T08:51:05","date_gmt":"2022-01-01T13:51:05","guid":{"rendered":"https:\/\/linitiative.ca\/International\/voeux-de-nouvel-an-le-message-de-lassina-zerbo-premier-ministre\/"},"modified":"2022-01-01T08:51:05","modified_gmt":"2022-01-01T13:51:05","slug":"voeux-de-nouvel-an-le-message-de-lassina-zerbo-premier-ministre","status":"publish","type":"post","link":"https:\/\/linitiative.ca\/International\/voeux-de-nouvel-an-le-message-de-lassina-zerbo-premier-ministre\/","title":{"rendered":"V\u0153ux de nouvel An: le Message de Lassina Zerbo, Premier ministre"},"content":{"rendered":"<div>\n<div class=\"kvgmc6g5 cxmmr5t8 oygrvhab hcukyx3x c1et5uql ii04i59q\">\n<div dir=\"auto\"><\/div>\n<\/div>\n<div class=\"cxmmr5t8 oygrvhab hcukyx3x c1et5uql o9v6fnle ii04i59q\">\n<div dir=\"auto\">\u00ab\u00a0Chers compatriotes,<\/div>\n<\/div>\n<div class=\"cxmmr5t8 oygrvhab hcukyx3x c1et5uql o9v6fnle ii04i59q\">\n<div dir=\"auto\">\u00c0 l\u2019or\u00e9e de la nouvelle ann\u00e9e 2022, je veux du fond du c\u0153ur vous souhaiter mes v\u0153ux les plus sinc\u00e8res de sant\u00e9 et de prosp\u00e9rit\u00e9 dans la paix et la coh\u00e9sion sociale.<\/div>\n<div dir=\"auto\">L\u2019av\u00e8nement d\u2019une nouvelle ann\u00e9e nous offre ind\u00e9niablement l\u2019opportunit\u00e9 de transformer la vie de notre nation en des succ\u00e8s r\u00e9els dans les combats multiformes que nous menons pour une vie heureuse.<\/div>\n<div dir=\"auto\">C\u2019est pourquoi, malgr\u00e9 les adversit\u00e9s auxquelles nous faisons face aujourd\u2019hui, \u00e0 savoir les d\u00e9sastreuses attaques terroristes r\u00e9currentes, l\u2019\u00e9pid\u00e9mie du Coronavirus, la fragilit\u00e9 de notre environnement socio-\u00e9conomique, nous devons rester confiants en l\u2019avenir, parce que l\u2019avenir appartient aux peuples qui ne baissent pas les bras.<\/div>\n<div dir=\"auto\">Conscients de l\u2019ensemble des \u00e9preuves que nous traversons, je vous invite \u00e0 c\u00e9l\u00e9brer le nouvel An dans la sobri\u00e9t\u00e9 qui sied en de pareilles circonstances.<\/div>\n<div dir=\"auto\">Sachons ensemble vivifier la solidarit\u00e9, en ayant de fortes pens\u00e9es pour nos compatriotes singuli\u00e8rement affect\u00e9s dans ces moments difficiles, nos FDS, nos VDP, les PDI, ainsi que nos agents de sant\u00e9 au chevet de nos malades.<\/div>\n<div dir=\"auto\">A toutes et \u00e0 tous, bonne et heureuse ann\u00e9e 2022.<\/div>\n<div dir=\"auto\">Vive le Burkina Faso et que Dieu prot\u00e8ge notre pays\u00a0\u00bb.<\/div>\n<\/div>\n<div class=\"cxmmr5t8 oygrvhab hcukyx3x c1et5uql o9v6fnle ii04i59q\">\n<div dir=\"auto\">DCRP\/Primature<\/div>\n<\/div>\n<p>L\u2019article <a rel=\"nofollow\" href=\"https:\/\/www.sidwaya.info\/blog\/2022\/01\/01\/voeux-de-nouvel-an-le-message-de-lassina-zerbo-premier-ministre\/\">V\u0153ux de nouvel An: le Message de Lassina Zerbo, Premier ministre<\/a> est apparu en premier sur <a rel=\"nofollow\" href=\"https:\/\/www.sidwaya.info\/\">Quotidien Sidwaya<\/a>.<\/p>\n<\/div>\n<p>Auteur: BS. Sidwaya<br \/>\n<a href=\"https:\/\/www.sidwaya.info\/blog\/2022\/01\/01\/voeux-de-nouvel-an-le-message-de-lassina-zerbo-premier-ministre\/?utm_source=rss&#038;utm_medium=rss&#038;utm_campaign=voeux-de-nouvel-an-le-message-de-lassina-zerbo-premier-ministre\">Cliquez ici pour lire l&rsquo;article depuis sa source.<\/a><\/p>\n","protected":false},"excerpt":{"rendered":"<p>\u00ab\u00a0Chers compatriotes, \u00c0 l\u2019or\u00e9e de la nouvelle ann\u00e9e 2022, je veux du fond du c\u0153ur vous souhaiter mes v\u0153ux les plus sinc\u00e8res de sant\u00e9 et de prosp\u00e9rit\u00e9 dans la paix et la coh\u00e9sion sociale. L\u2019av\u00e8nement d\u2019une nouvelle ann\u00e9e nous offre ind\u00e9niablement l\u2019opportunit\u00e9 de transformer la vie de notre nation en des succ\u00e8s r\u00e9els dans les [&hellip;]<\/p>\n","protected":false},"author":1816,"featured_media":0,"comment_status":"closed","ping_status":"closed","sticky":false,"template":"","format":"standard","meta":{"fifu_image_url":"","fifu_image_alt":"","footnotes":""},"categories":[73,81],"tags":[],"class_list":["post-137490","post","type-post","status-publish","format-standard","hentry","category-actualite","category-burkina-faso"],"_links":{"self":[{"href":"https:\/\/linitiative.ca\/International\/wp-json\/wp\/v2\/posts\/137490","targetHints":{"allow":["GET"]}}],"collection":[{"href":"https:\/\/linitiative.ca\/International\/wp-json\/wp\/v2\/posts"}],"about":[{"href":"https:\/\/linitiative.ca\/International\/wp-json\/wp\/v2\/types\/post"}],"author":[{"embeddable":true,"href":"https:\/\/linitiative.ca\/International\/wp-json\/wp\/v2\/users\/1816"}],"replies":[{"embeddable":true,"href":"https:\/\/linitiative.ca\/International\/wp-json\/wp\/v2\/comments?post=137490"}],"version-history":[{"count":0,"href":"https:\/\/linitiative.ca\/International\/wp-json\/wp\/v2\/posts\/137490\/revisions"}],"wp:attachment":[{"href":"https:\/\/linitiative.ca\/International\/wp-json\/wp\/v2\/media?parent=137490"}],"wp:term":[{"taxonomy":"category","embeddable":true,"href":"https:\/\/linitiative.ca\/International\/wp-json\/wp\/v2\/categories?post=137490"},{"taxonomy":"post_tag","embeddable":true,"href":"https:\/\/linitiative.ca\/International\/wp-json\/wp\/v2\/tags?post=137490"}],"curies":[{"name":"wp","href":"https:\/\/api.w.org\/{rel}","templated":true}]}}