{"id":137509,"date":"2022-01-02T08:41:23","date_gmt":"2022-01-02T13:41:23","guid":{"rendered":"https:\/\/linitiative.ca\/International\/liran-lance-une-fusee-malgre-les-negociations-pour-la-reactivation-du-jcpoa\/"},"modified":"2022-01-02T08:41:23","modified_gmt":"2022-01-02T13:41:23","slug":"liran-lance-une-fusee-malgre-les-negociations-pour-la-reactivation-du-jcpoa","status":"publish","type":"post","link":"https:\/\/linitiative.ca\/International\/liran-lance-une-fusee-malgre-les-negociations-pour-la-reactivation-du-jcpoa\/","title":{"rendered":"L\u2019Iran lance une fus\u00e9e malgr\u00e9 les n\u00e9gociations pour la r\u00e9activation du JCPoA"},"content":{"rendered":"<div>\n<p class=\"has-text-align-center has-vivid-red-color has-text-color\"><strong>Attendons pour voir\u2026<\/strong><\/p>\n<p class=\"has-text-align-right\"><strong>Nabil El Bousaadi<\/strong><\/p>\n<p class=\"has-vivid-cyan-blue-color has-text-color\"><strong>Dans un communiqu\u00e9 diffus\u00e9 par la t\u00e9l\u00e9vision d\u2019Etat, Ahmad Hosseini, le porte-parole de l\u2019unit\u00e9 spatiale du minist\u00e8re iranien de la D\u00e9fense a annonc\u00e9, jeudi, que la R\u00e9publique islamique a proc\u00e9d\u00e9 au lancement, \u00e0 titre \u00ab pr\u00e9liminaire \u00bb, d\u2019une fus\u00e9e transportant trois appareils de recherche spatiale.<\/strong><\/p>\n<p>Se f\u00e9licitant, par ailleurs, de ce nouvel \u00ab accomplissement des scientifiques iraniens \u00bb qui fait suite au tir de missiles balistiques effectu\u00e9 le 24 d\u00e9cembre et qui intervient alors que les pourparlers\u00a0 destin\u00e9s \u00e0 \u00ab sauver \u00bb le Joint Comprehensive Plan of Action (JCPoA), dit \u00ab Accord de Vienne \u00bb, encadrant le programme nucl\u00e9aire iranien en y faisant revenir les Etats-Unis qui l\u2019avaient quitt\u00e9 en Ao\u00fbt 2018, ont \u00e9t\u00e9 relanc\u00e9s apr\u00e8s cinq mois d\u2019interruption, Ahmad Hosseini a tenu \u00e0 signaler que d\u2019autres \u00ab lancements op\u00e9rationnels auront lieu dans un proche avenir \u00bb sans donner, n\u00e9anmoins, de plus amples informations.<\/p>\n<p>Le Quai d\u2019Orsay a imm\u00e9diatement condamn\u00e9, dans un communiqu\u00e9, cet acte qu\u2019il juge \u00ab regrettable \u00bb au motif que, d\u2019une part, \u00ab du fait de la grande proximit\u00e9 des technologies employ\u00e9es pour les lancements spatiaux et les tirs balistiques, ce lancement participe d\u00e9j\u00e0 aux progr\u00e8s d\u00e9j\u00e0 pr\u00e9occupants de l\u2019Iran dans son programme de missiles balistiques (car) le r\u00f4le du minist\u00e8re de la D\u00e9fense dans ce lancement t\u00e9moigne du lien \u00e9troit entre ces deux programmes \u00bb et que, d\u2019autre part, une telle action \u00ab n\u2019est pas conforme \u00e0 la r\u00e9solution 2231 du Conseil de S\u00e9curit\u00e9 (qui) appelle l\u2019Iran \u00e0 ne pas proc\u00e9der \u00e0 des activit\u00e9s li\u00e9es aux missiles balistiques con\u00e7us pour \u00eatre capables d\u2019emporter des armes nucl\u00e9aires \u00bb.<\/p>\n<p>Pour rappel, l\u2019accord de Vienne tel que valid\u00e9 par la r\u00e9solution 2231 du Conseil de S\u00e9curit\u00e9 interdit \u00e0 l\u2019Iran de mener toute \u00ab activit\u00e9 li\u00e9e aux missiles balistiques con\u00e7us pour pouvoir emporter des charges nucl\u00e9aires, y compris les tirs recourant \u00e0 la technologie des missiles balistiques \u00bb. Or, en F\u00e9vrier dernier, T\u00e9h\u00e9ran avait annonc\u00e9 avoir test\u00e9 un nouveau lanceur de satellites \u00e9quip\u00e9 de son \u00ab plus puissant \u00bb moteur \u00e0 combustible solide mais avait \u00e9chou\u00e9, toutefois, \u00e0 mettre en orbite son satellite d\u2019observation scientifique baptis\u00e9 \u00ab Zafar \u00bb (signifiant \u00ab Victoire \u00bb en persan). Mais, bien que l\u2019Iran n\u2019ait jamais voulu reconna\u00eetre l\u2019\u00e9chec de ce lancement, Paris et Washington n\u2019ont eu de cesse de l\u2019accuser de vouloir renforcer ses comp\u00e9tences en mati\u00e8re de missiles balistiques par l\u2019entremise du lancement de satellites.<\/p>\n<p>C\u2019est \u00e0 ce titre, d\u2019ailleurs, qu\u2019en Avril 2020, les gardiens de la r\u00e9volution, bras arm\u00e9 de la R\u00e9publique islamique, lanc\u00e8rent leur premier satellite militaire ; ce qui prouve, sans l\u2019ombre d\u2019un doute, que le programme spatial iranien est plus destin\u00e9 \u00e0 des fins militaires que commerciales bien que T\u00e9h\u00e9ran affirme n\u2019avoir aucune intention d\u2019aller \u00e0 l\u2019encontre de la r\u00e9solution 2231 du Conseil de S\u00e9curit\u00e9 et de se doter de l\u2019arme atonique.<\/p>\n<p>Mais, en soup\u00e7onnant, n\u00e9anmoins, l\u2019Iran de chercher \u00e0 d\u00e9velopper des lanceurs balistiques \u00e0 longue port\u00e9e capables d\u2019emporter des charges conventionnelles ou nucl\u00e9aires en utilisant la technologie de ses lanceurs de satellites, les Etats-Unis ont exprim\u00e9 leurs vives inqui\u00e9tudes car ils restent persuad\u00e9s que ces lancements b\u00e9n\u00e9ficient au programme balistique iranien.<\/p>\n<p>Par ailleurs, apr\u00e8s que Washington ait signal\u00e9, d\u00e8s d\u00e9but-d\u00e9cembre que l\u2019Iran s\u2019appr\u00eatait \u00e0 lancer une fus\u00e9e \u00e0 partir du centre spatial de \u00ab Semnan \u00bb situ\u00e9 \u00e0 pr\u00e8s de 300 kilom\u00e8tres \u00e0 l\u2019est de la capitale iranienne, un porte-parole du d\u00e9partement d\u2019Etat am\u00e9ricain avait tenu \u00e0 r\u00e9affirmer que, pour emp\u00eacher l\u2019Iran d\u2019obtenir l\u2019arme nucl\u00e9aire, il n\u2019y a pas d\u2019autre alternative qu\u2019 \u00ab un retour mutuel au respect total de l\u2019accord \u00bb de Juillet 2015.<\/p>\n<p>Les n\u00e9gociations actuellement en cours \u00e0 Vienne au titre de la r\u00e9activation de l\u2019accord de Juillet 2015 encadrant le programme nucl\u00e9aire iranien ont-elles des chances de r\u00e9ussir ? Rien ne l\u2019indique pour l\u2019heure tant les points de vue divergent mais attendons pour voir\u2026<\/p>\n<p>L\u2019article <a rel=\"nofollow\" href=\"http:\/\/albayane.press.ma\/liran-lance-une-fusee-malgre-les-negociations-pour-la-reactivation-du-jcpoa.html\">L\u2019Iran lance une fus\u00e9e malgr\u00e9 les n\u00e9gociations pour la r\u00e9activation du JCPoA<\/a> est apparu en premier sur <a rel=\"nofollow\" href=\"http:\/\/albayane.press.ma\/\">ALBAYANE<\/a>.<\/p>\n<\/div>\n<p>Auteur: M&rsquo;hammed rahal<br \/>\n<a href=\"http:\/\/albayane.press.ma\/liran-lance-une-fusee-malgre-les-negociations-pour-la-reactivation-du-jcpoa.html\">Cliquez ici pour lire l&rsquo;article depuis sa source.<\/a><\/p>\n","protected":false},"excerpt":{"rendered":"<p>Attendons pour voir\u2026 Nabil El Bousaadi Dans un communiqu\u00e9 diffus\u00e9 par la t\u00e9l\u00e9vision d\u2019Etat, Ahmad Hosseini, le porte-parole de l\u2019unit\u00e9 spatiale du minist\u00e8re iranien de la D\u00e9fense a annonc\u00e9, jeudi, que la R\u00e9publique islamique a proc\u00e9d\u00e9 au lancement, \u00e0 titre \u00ab pr\u00e9liminaire \u00bb, d\u2019une fus\u00e9e transportant trois appareils de recherche spatiale. Se f\u00e9licitant, par ailleurs, [&hellip;]<\/p>\n","protected":false},"author":1760,"featured_media":0,"comment_status":"closed","ping_status":"closed","sticky":false,"template":"","format":"standard","meta":{"fifu_image_url":"","fifu_image_alt":"","footnotes":""},"categories":[73,54],"tags":[],"class_list":["post-137509","post","type-post","status-publish","format-standard","hentry","category-actualite","category-maroc"],"_links":{"self":[{"href":"https:\/\/linitiative.ca\/International\/wp-json\/wp\/v2\/posts\/137509","targetHints":{"allow":["GET"]}}],"collection":[{"href":"https:\/\/linitiative.ca\/International\/wp-json\/wp\/v2\/posts"}],"about":[{"href":"https:\/\/linitiative.ca\/International\/wp-json\/wp\/v2\/types\/post"}],"author":[{"embeddable":true,"href":"https:\/\/linitiative.ca\/International\/wp-json\/wp\/v2\/users\/1760"}],"replies":[{"embeddable":true,"href":"https:\/\/linitiative.ca\/International\/wp-json\/wp\/v2\/comments?post=137509"}],"version-history":[{"count":0,"href":"https:\/\/linitiative.ca\/International\/wp-json\/wp\/v2\/posts\/137509\/revisions"}],"wp:attachment":[{"href":"https:\/\/linitiative.ca\/International\/wp-json\/wp\/v2\/media?parent=137509"}],"wp:term":[{"taxonomy":"category","embeddable":true,"href":"https:\/\/linitiative.ca\/International\/wp-json\/wp\/v2\/categories?post=137509"},{"taxonomy":"post_tag","embeddable":true,"href":"https:\/\/linitiative.ca\/International\/wp-json\/wp\/v2\/tags?post=137509"}],"curies":[{"name":"wp","href":"https:\/\/api.w.org\/{rel}","templated":true}]}}