{"id":137510,"date":"2022-01-02T08:43:35","date_gmt":"2022-01-02T13:43:35","guid":{"rendered":"https:\/\/linitiative.ca\/International\/libye-le-premier-ministre-dbeibah-retrouve-officiellement-ses-fonctions\/"},"modified":"2022-01-02T08:43:35","modified_gmt":"2022-01-02T13:43:35","slug":"libye-le-premier-ministre-dbeibah-retrouve-officiellement-ses-fonctions","status":"publish","type":"post","link":"https:\/\/linitiative.ca\/International\/libye-le-premier-ministre-dbeibah-retrouve-officiellement-ses-fonctions\/","title":{"rendered":"Libye: Le Premier ministre Dbeibah retrouve officiellement ses fonctions"},"content":{"rendered":"<div>\n<p class=\"has-vivid-cyan-blue-color has-text-color\"><strong>Le Premier ministre int\u00e9rimaire libyen, Abdelhamid Dbeibah, a pr\u00e9sid\u00e9 jeudi un conseil du gouvernement marquant son retour officiel \u00e0 son poste, apr\u00e8s avoir pris cong\u00e9 de ses fonctions pour briguer la pr\u00e9sidentielle avort\u00e9e.<\/strong><\/p>\n<p>La situation politique est \u00ab\u00a0critique\u00a0\u00bb, a d\u2019abord rappel\u00e9 M. Dbeibah, la Libye n\u2019\u00e9tant pas parvenue \u00e0 tenir l\u2019\u00e9lection pr\u00e9sidentielle pr\u00e9vue le 24 d\u00e9cembre \u2013la premi\u00e8re d\u2019un chef d\u2019Etat au suffrage universel en Libye\u2013, longtemps attendue comme l\u2019aboutissement du processus de paix parrain\u00e9 par l\u2019ONU.<\/p>\n<p>Sur fond de d\u00e9saccords insurmontables, notamment concernant la base juridique de l\u2019\u00e9lection lors de laquelle devaient s\u2019affronter plusieurs candidats clivants, une commission parlementaire a conclu \u00e0 l\u2019impossibilit\u00e9 d\u2019organiser le scrutin, deux jours avant sa tenue.<\/p>\n<p>La Haute commission \u00e9lectorale avait, dans la foul\u00e9e, propos\u00e9 de le reporter au 24 janvier. Mais le Parlement n\u2019a pas ent\u00e9rin\u00e9 cette date, laissant planer le flou sur l\u2019\u00e9lection destin\u00e9e \u00e0 sortir le pays d\u2019une d\u00e9cennie de chaos depuis la chute du r\u00e9gime de Mouammar Kadhafi en 2011.<\/p>\n<p>Le gouvernement de transition bas\u00e9 \u00e0 Tripoli (ouest) se retrouve fragilis\u00e9 puisque son mandat devait th\u00e9oriquement prendre fin le 24 d\u00e9cembre. Le Parlement, qui si\u00e8ge \u00e0 Tobrouk (est), se penche d\u00e9sormais sur un possible remaniement gouvernemental.<\/p>\n<p>Lui-m\u00eame candidat, alors qu\u2019il s\u2019\u00e9tait engag\u00e9 \u00e0 ne pas briguer la pr\u00e9sidence lors de sa d\u00e9signation \u00e0 la t\u00eate du gouvernement int\u00e9rimaire en f\u00e9vrier, M. Dbeibah a d\u00e9fendu son bilan.<\/p>\n<p>\u00ab\u00a0Nous avons oeuvr\u00e9 pour r\u00e9tablir la s\u00e9curit\u00e9 et soutenir la stabilit\u00e9\u00a0\u00bb, a-t-il affirm\u00e9 jeudi, exhortant ses ministres \u00e0 \u00ab\u00a0se pr\u00e9parer pour une relance (\u00e9conomique) forte en 2022\u00a0\u00bb.<\/p>\n<p>L\u2019ex\u00e9cutif est aussi secou\u00e9 par des affaires judiciaires impliquant deux de ses ministres.<\/p>\n<p>Mercredi, un ordre de mise en d\u00e9tention pr\u00e9ventive a \u00e9t\u00e9 \u00e9mis contre la ministre de la Culture dans une enqu\u00eate pour \u00ab\u00a0corruption\u00a0\u00bb, apr\u00e8s une proc\u00e9dure similaire \u00e0 l\u2019encontre du ministre de l\u2019Education pour \u00ab\u00a0n\u00e9gligence dans l\u2019exercice de ses fonctions\u00a0\u00bb.<\/p>\n<p>Tout en critiquant ce placement en d\u00e9tention pour une enqu\u00eate en cours, M. Dbeibah a par ailleurs tent\u00e9 de d\u00e9samorcer une pol\u00e9mique naissante sur les r\u00e9seaux sociaux.<\/p>\n<p>Lors d\u2019une c\u00e9r\u00e9monie mardi c\u00e9l\u00e9brant la \u00ab\u00a0prime de mariage\u00a0\u00bb aux jeunes couples, mesure phare du gouvernement, il avait insinu\u00e9 vouloir instaurer un \u00ab\u00a0bonus\u00a0\u00bb pour encourager le mariage des Libyennes d\u2019\u00e2ge m\u00fbr.<\/p>\n<p>\u00ab\u00a0J\u2019en ai parl\u00e9 spontan\u00e9ment, en dialecte populaire. Ceux qui en ont fait une pol\u00e9mique (\u2026) ne connaissent pas le langage parl\u00e9 des anciens\u00a0\u00bb, s\u2019est-il d\u00e9fendu.<\/p>\n<p>L\u2019article <a rel=\"nofollow\" href=\"http:\/\/albayane.press.ma\/libye-le-premier-ministre-dbeibah-retrouve-officiellement-ses-fonctions.html\">Libye: Le Premier ministre Dbeibah retrouve officiellement ses fonctions<\/a> est apparu en premier sur <a rel=\"nofollow\" href=\"http:\/\/albayane.press.ma\/\">ALBAYANE<\/a>.<\/p>\n<\/div>\n<p>Auteur: M&rsquo;hammed rahal<br \/>\n<a href=\"http:\/\/albayane.press.ma\/libye-le-premier-ministre-dbeibah-retrouve-officiellement-ses-fonctions.html\">Cliquez ici pour lire l&rsquo;article depuis sa source.<\/a><\/p>\n","protected":false},"excerpt":{"rendered":"<p>Le Premier ministre int\u00e9rimaire libyen, Abdelhamid Dbeibah, a pr\u00e9sid\u00e9 jeudi un conseil du gouvernement marquant son retour officiel \u00e0 son poste, apr\u00e8s avoir pris cong\u00e9 de ses fonctions pour briguer la pr\u00e9sidentielle avort\u00e9e. La situation politique est \u00ab\u00a0critique\u00a0\u00bb, a d\u2019abord rappel\u00e9 M. Dbeibah, la Libye n\u2019\u00e9tant pas parvenue \u00e0 tenir l\u2019\u00e9lection pr\u00e9sidentielle pr\u00e9vue le 24 [&hellip;]<\/p>\n","protected":false},"author":1760,"featured_media":0,"comment_status":"closed","ping_status":"closed","sticky":false,"template":"","format":"standard","meta":{"fifu_image_url":"","fifu_image_alt":"","footnotes":""},"categories":[73,54],"tags":[],"class_list":["post-137510","post","type-post","status-publish","format-standard","hentry","category-actualite","category-maroc"],"_links":{"self":[{"href":"https:\/\/linitiative.ca\/International\/wp-json\/wp\/v2\/posts\/137510","targetHints":{"allow":["GET"]}}],"collection":[{"href":"https:\/\/linitiative.ca\/International\/wp-json\/wp\/v2\/posts"}],"about":[{"href":"https:\/\/linitiative.ca\/International\/wp-json\/wp\/v2\/types\/post"}],"author":[{"embeddable":true,"href":"https:\/\/linitiative.ca\/International\/wp-json\/wp\/v2\/users\/1760"}],"replies":[{"embeddable":true,"href":"https:\/\/linitiative.ca\/International\/wp-json\/wp\/v2\/comments?post=137510"}],"version-history":[{"count":0,"href":"https:\/\/linitiative.ca\/International\/wp-json\/wp\/v2\/posts\/137510\/revisions"}],"wp:attachment":[{"href":"https:\/\/linitiative.ca\/International\/wp-json\/wp\/v2\/media?parent=137510"}],"wp:term":[{"taxonomy":"category","embeddable":true,"href":"https:\/\/linitiative.ca\/International\/wp-json\/wp\/v2\/categories?post=137510"},{"taxonomy":"post_tag","embeddable":true,"href":"https:\/\/linitiative.ca\/International\/wp-json\/wp\/v2\/tags?post=137510"}],"curies":[{"name":"wp","href":"https:\/\/api.w.org\/{rel}","templated":true}]}}