{"id":137512,"date":"2022-01-02T09:10:52","date_gmt":"2022-01-02T14:10:52","guid":{"rendered":"https:\/\/linitiative.ca\/International\/le-cap-du-million-de-contaminations-quotidiennes-depasse\/"},"modified":"2022-01-02T09:10:52","modified_gmt":"2022-01-02T14:10:52","slug":"le-cap-du-million-de-contaminations-quotidiennes-depasse","status":"publish","type":"post","link":"https:\/\/linitiative.ca\/International\/le-cap-du-million-de-contaminations-quotidiennes-depasse\/","title":{"rendered":"Le cap du million de contaminations quotidiennes d\u00e9pass\u00e9"},"content":{"rendered":"<div>\n<p class=\"has-text-align-center has-vivid-red-color has-text-color\"><strong>Covid dans le monde<\/strong><\/p>\n<p class=\"has-vivid-cyan-blue-color has-text-color\"><strong>Le cap symbolique du million de contaminations quotidiennes par le Covid-19 dans le monde a \u00e9t\u00e9 franchi pour la premi\u00e8re fois sur la semaine du 23 au 29 d\u00e9cembre, \u00e0 quelques heures des festivit\u00e9s de Nouvel An sur lesquelles la pand\u00e9mie p\u00e8sera une fois de plus.<\/strong><\/p>\n<p>En moyenne, 1.045.000 de nouveaux cas quotidiens ont \u00e9t\u00e9 d\u00e9tect\u00e9s sur la p\u00e9riode, en hausse de 46% par rapport \u00e0 la semaine pr\u00e9c\u00e9dente, selon un comptage jeudi de l\u2019AFP \u00e9tabli \u00e0 partir des bilans communiqu\u00e9s par chaque pays.<\/p>\n<p>Le pr\u00e9c\u00e9dent record de 817.000 cas quotidiens avait \u00e9t\u00e9 enregistr\u00e9 entre le 23 et le 29 avril 2021.<br \/>Face \u00e0 ce \u00ab\u00a0tsunami\u00a0\u00bb de contaminations qui met sous pression les syst\u00e8mes de sant\u00e9, de nombreuses villes, comme Paris ou Ath\u00e8nes, ont d\u00e9cid\u00e9 d\u2019encadrer les c\u00e9l\u00e9brations du Nouvel An, en sus de mesures prises ces derniers jours pour tenter de r\u00e9duire la circulation du coronavirus.<\/p>\n<p>Et certaines ont m\u00eame annul\u00e9 les festivit\u00e9s pr\u00e9vues, \u00e0 l\u2019instar de nombreuses villes br\u00e9siliennes, dont S\u00e3o Paulo, la plus grande m\u00e9tropole d\u2019Am\u00e9rique latine.<\/p>\n<p>En France, o\u00f9 pour la deuxi\u00e8me journ\u00e9e cons\u00e9cutive jeudi a \u00e9t\u00e9 d\u00e9pass\u00e9 le seuil de 200.000 nouveaux cas en 24 heures, les discoth\u00e8ques, ferm\u00e9es depuis le 10 d\u00e9cembre, garderont leurs portes closes au moins les trois premi\u00e8res semaines de janvier.<\/p>\n<p>\u00c0 Paris, le masque redevient obligatoire dans les rues vendredi comme dans presque toute la r\u00e9gion parisienne, et les d\u00e9bits de boissons ne pourront ouvrir au-del\u00e0 de 02h00 les 1er et 2 janvier.<\/p>\n<p>En Gr\u00e8ce, les bars et restaurants devront fermer \u00e0 02h00 la nuit de la Saint-Sylvestre, mesure exceptionnelle car les autres jours ils fermeront \u00e0 minuit. Les tabl\u00e9es dans les restaurants sont limit\u00e9es \u00e0 six personnes jusqu\u2019au 16 janvier. Et la musique y est interdite.<\/p>\n<p>En Espagne, les festivit\u00e9s sont annul\u00e9es dans la plupart des r\u00e9gions, et neuf des dix villes les plus peupl\u00e9es ne c\u00e9l\u00e8breront pas les \u00ab\u00a0campanadas\u00a0\u00bb, les cloches du passage \u00e0 la nouvelle ann\u00e9e. La tradition veut que les Espagnols avalent douze grains de raisin au son des douze coups de minuit.<\/p>\n<p>Seule Madrid a maintenu une c\u00e9r\u00e9monie a minima sur la c\u00e9l\u00e8bre place de la Puerta del Sol, avec une jauge limit\u00e9e \u00e0 7.000 personnes -masqu\u00e9es-, contre 18.000 en 2019, en p\u00e9riode pr\u00e9-pand\u00e9mique.<\/p>\n<p>\u00c0 Mexico, la mairie a annul\u00e9 les c\u00e9l\u00e9brations du Nouvel An et Chypre a interdit la danse dans les lieux publics.<\/p>\n<p>De son c\u00f4t\u00e9, le pape Fran\u00e7ois a renonc\u00e9 \u00e0 sa traditionnelle visite du Nouvel An \u00e0 la cr\u00e8che de la place Saint-Pierre vendredi.<\/p>\n<p>En Allemagne, o\u00f9 les discoth\u00e8ques resteront portes closes pour la Saint-Sylvestre, les r\u00e9unions priv\u00e9es de plus de dix personnes sont interdites, m\u00eame pour les vaccin\u00e9s. Pour les non-vaccin\u00e9s, la limite tombe \u00e0 deux membres de foyers diff\u00e9rents.<\/p>\n<p>Mais le ministre allemand de la Sant\u00e9 Karl Lauterbach a averti que ces nouvelles restrictions ne \u00ab\u00a0suffir(aient) pas\u00a0\u00bb face au variant Omicron.<\/p>\n<p>Plus de 85% des contaminations actuelles se concentrent dans deux r\u00e9gions o\u00f9 Omicron est fortement pr\u00e9sent: l\u2019Europe (4.022.000 cas au cours des sept derniers jours) ainsi que les Etats-Unis et le Canada (2.264.000 cas). Seule l\u2019Asie (268.000 cas, -12%) a vu la pand\u00e9mie reculer au cours de la semaine \u00e9coul\u00e9e.<\/p>\n<p>En Europe, plusieurs pays battent des records de contaminations, comme l\u2019Islande ou la Finlande, ce qui a conduit cette derni\u00e8re \u00e0 suspendre le pass vaccinal pour acc\u00e9der \u00e0 certains \u00e9v\u00e8nements, le jugeant insuffisant.<\/p>\n<p>Au Danemark, qui compte actuellement le plus grand nombre de nouveaux cas dans le monde par rapport \u00e0 sa population, le seuil des 20.000 contaminations suppl\u00e9mentaires a \u00e9t\u00e9 d\u00e9pass\u00e9 jeudi pour la deuxi\u00e8me journ\u00e9e cons\u00e9cutive.<\/p>\n<p>L\u2019Espagne a aussi pulv\u00e9ris\u00e9 jeudi son record, avec 161.688 nouveaux cas en 24 heures.<\/p>\n<p>Avec plus de 265.000 cas quotidiens en moyenne depuis une semaine, les Etats-Unis font \u00e9galement face \u00e0 un record d\u2019infections.<\/p>\n<p>Les autorit\u00e9s sanitaires am\u00e9ricaines ont recommand\u00e9 d\u2019\u00e9viter les croisi\u00e8res, y compris aux vaccin\u00e9s, en raison de la forte augmentation de cas \u00e0 bord des bateaux depuis l\u2019arriv\u00e9e d\u2019Omicron.<\/p>\n<p>L\u2019Organisation mondiale de la sant\u00e9 (OMS) a \u00e9voqu\u00e9 mercredi un \u00ab\u00a0tsunami\u00a0\u00bb faisant peser \u00ab\u00a0une immense pression sur un personnel de sant\u00e9 \u00e9puis\u00e9 et des syst\u00e8mes de sant\u00e9 au bord de l\u2019effondrement\u00a0\u00bb, deux ans apr\u00e8s le d\u00e9but d\u2019une pand\u00e9mie aux plus de 5,4 millions de morts.<\/p>\n<p>Les h\u00f4pitaux britanniques, \u00ab\u00a0sur le pied de guerre\u00a0\u00bb face \u00e0 Omicron, vont mettre en place des structures provisoires permettant d\u2019ouvrir jusqu\u2019\u00e0 4.000 lits suppl\u00e9mentaires pour se pr\u00e9parer \u00e0 une vague d\u2019admissions. En Angleterre, plus de 10.000 personnes \u00e9taient hospitalis\u00e9es avec le Covid, une premi\u00e8re depuis d\u00e9but mars.<\/p>\n<p>En Italie aussi, la situation est tendue. \u00ab\u00a0Nous sommes d\u00e9bord\u00e9s de demandes d\u2019hospitalisations (\u2026) la pression est constante\u00a0\u00bb, a confi\u00e9 \u00e0 l\u2019AFP le Dr Marchese, directeur sanitaire de l\u2019h\u00f4pital Casalpalocco, dans la banlieue de Rome, qui accueille actuellement 111 patients pour une capacit\u00e9 de 120 lits, dont 35 en r\u00e9animation. \u00ab\u00a0Cette situation dure d\u00e9j\u00e0 en gros depuis un mois. Nous sommes syst\u00e9matiquement pleins\u00a0\u00bb.<\/p>\n<p>Jusqu\u2019\u00e0 pr\u00e9sent, l\u2019explosion de la pand\u00e9mie ne s\u2019est cependant pas traduite par une augmentation du nombre des morts, en baisse au contraire depuis trois semaines dans le monde.<\/p>\n<p>La Chine, qui enregistre une pouss\u00e9e \u00e9pid\u00e9mique \u00e0 moins de 40 jours des JO d\u2019hiver de P\u00e9kin, a pris des mesures plus radicales.<\/p>\n<p>Apr\u00e8s la ville de Xi\u2019an, soumise depuis huit jours \u00e0 une quarantaine et qui conna\u00eet d\u00e9sormais des difficult\u00e9s d\u2019approvisionnement, plusieurs dizaines de milliers d\u2019habitants d\u2019un arrondissement de l\u2019agglom\u00e9ration de Yan\u2019an, \u00e0 300 kilom\u00e8tres de Xi\u2019an, ont \u00e9t\u00e9 confin\u00e9s, eux aussi.<\/p>\n<p>L\u2019article <a rel=\"nofollow\" href=\"http:\/\/albayane.press.ma\/le-cap-du-million-de-contaminations-quotidiennes-depasse.html\">Le cap du million de contaminations quotidiennes d\u00e9pass\u00e9<\/a> est apparu en premier sur <a rel=\"nofollow\" href=\"http:\/\/albayane.press.ma\/\">ALBAYANE<\/a>.<\/p>\n<\/div>\n<p>Auteur: M&rsquo;hammed rahal<br \/>\n<a href=\"http:\/\/albayane.press.ma\/le-cap-du-million-de-contaminations-quotidiennes-depasse.html\">Cliquez ici pour lire l&rsquo;article depuis sa source.<\/a><\/p>\n","protected":false},"excerpt":{"rendered":"<p>Covid dans le monde Le cap symbolique du million de contaminations quotidiennes par le Covid-19 dans le monde a \u00e9t\u00e9 franchi pour la premi\u00e8re fois sur la semaine du 23 au 29 d\u00e9cembre, \u00e0 quelques heures des festivit\u00e9s de Nouvel An sur lesquelles la pand\u00e9mie p\u00e8sera une fois de plus. En moyenne, 1.045.000 de nouveaux [&hellip;]<\/p>\n","protected":false},"author":1760,"featured_media":0,"comment_status":"closed","ping_status":"closed","sticky":false,"template":"","format":"standard","meta":{"fifu_image_url":"","fifu_image_alt":"","footnotes":""},"categories":[73,54],"tags":[],"class_list":["post-137512","post","type-post","status-publish","format-standard","hentry","category-actualite","category-maroc"],"_links":{"self":[{"href":"https:\/\/linitiative.ca\/International\/wp-json\/wp\/v2\/posts\/137512","targetHints":{"allow":["GET"]}}],"collection":[{"href":"https:\/\/linitiative.ca\/International\/wp-json\/wp\/v2\/posts"}],"about":[{"href":"https:\/\/linitiative.ca\/International\/wp-json\/wp\/v2\/types\/post"}],"author":[{"embeddable":true,"href":"https:\/\/linitiative.ca\/International\/wp-json\/wp\/v2\/users\/1760"}],"replies":[{"embeddable":true,"href":"https:\/\/linitiative.ca\/International\/wp-json\/wp\/v2\/comments?post=137512"}],"version-history":[{"count":0,"href":"https:\/\/linitiative.ca\/International\/wp-json\/wp\/v2\/posts\/137512\/revisions"}],"wp:attachment":[{"href":"https:\/\/linitiative.ca\/International\/wp-json\/wp\/v2\/media?parent=137512"}],"wp:term":[{"taxonomy":"category","embeddable":true,"href":"https:\/\/linitiative.ca\/International\/wp-json\/wp\/v2\/categories?post=137512"},{"taxonomy":"post_tag","embeddable":true,"href":"https:\/\/linitiative.ca\/International\/wp-json\/wp\/v2\/tags?post=137512"}],"curies":[{"name":"wp","href":"https:\/\/api.w.org\/{rel}","templated":true}]}}