{"id":137513,"date":"2022-01-02T07:40:00","date_gmt":"2022-01-02T12:40:00","guid":{"rendered":"https:\/\/linitiative.ca\/International\/hamid-melzi-condamne-a-trois-ans-et-demi-de-prison-ferme\/"},"modified":"2022-01-02T07:40:00","modified_gmt":"2022-01-02T12:40:00","slug":"hamid-melzi-condamne-a-trois-ans-et-demi-de-prison-ferme","status":"publish","type":"post","link":"https:\/\/linitiative.ca\/International\/hamid-melzi-condamne-a-trois-ans-et-demi-de-prison-ferme\/","title":{"rendered":"Hamid Melzi condamn\u00e9 \u00e0 trois ans et demi de prison ferme"},"content":{"rendered":"<div>La 6e chambre pr\u00e8s la cour d&rsquo;Alger a condamn\u00e9, dimanche, l&rsquo;ex-directeur de la r\u00e9sidence d&rsquo;Etat du \u00ab\u00a0Sahel\u00a0\u00bb, Hamid Melzi \u00e0 trois ans et demi de prison ferme dans l&rsquo;affaire dans laquelle il est poursuivi avec d&rsquo;autres individus pour (&#8230;)<\/div>\n<p>Auteur:<br \/>\n<a href=\"https:\/\/www.liberte-algerie.com\/actualite\/hamid-melzi-condamne-a-trois-ans-et-demi-de-prison-ferme-370887\">Cliquez ici pour lire l&rsquo;article depuis sa source.<\/a><\/p>\n","protected":false},"excerpt":{"rendered":"<p>La 6e chambre pr\u00e8s la cour d&rsquo;Alger a condamn\u00e9, dimanche, l&rsquo;ex-directeur de la r\u00e9sidence d&rsquo;Etat du \u00ab\u00a0Sahel\u00a0\u00bb, Hamid Melzi \u00e0 trois ans et demi de prison ferme dans l&rsquo;affaire dans laquelle il est poursuivi avec d&rsquo;autres individus pour (&#8230;) Auteur: Cliquez ici pour lire l&rsquo;article depuis sa source.<\/p>\n","protected":false},"author":1742,"featured_media":0,"comment_status":"closed","ping_status":"closed","sticky":false,"template":"","format":"standard","meta":{"fifu_image_url":"","fifu_image_alt":"","footnotes":""},"categories":[73,53],"tags":[],"class_list":["post-137513","post","type-post","status-publish","format-standard","hentry","category-actualite","category-algerie"],"_links":{"self":[{"href":"https:\/\/linitiative.ca\/International\/wp-json\/wp\/v2\/posts\/137513","targetHints":{"allow":["GET"]}}],"collection":[{"href":"https:\/\/linitiative.ca\/International\/wp-json\/wp\/v2\/posts"}],"about":[{"href":"https:\/\/linitiative.ca\/International\/wp-json\/wp\/v2\/types\/post"}],"author":[{"embeddable":true,"href":"https:\/\/linitiative.ca\/International\/wp-json\/wp\/v2\/users\/1742"}],"replies":[{"embeddable":true,"href":"https:\/\/linitiative.ca\/International\/wp-json\/wp\/v2\/comments?post=137513"}],"version-history":[{"count":0,"href":"https:\/\/linitiative.ca\/International\/wp-json\/wp\/v2\/posts\/137513\/revisions"}],"wp:attachment":[{"href":"https:\/\/linitiative.ca\/International\/wp-json\/wp\/v2\/media?parent=137513"}],"wp:term":[{"taxonomy":"category","embeddable":true,"href":"https:\/\/linitiative.ca\/International\/wp-json\/wp\/v2\/categories?post=137513"},{"taxonomy":"post_tag","embeddable":true,"href":"https:\/\/linitiative.ca\/International\/wp-json\/wp\/v2\/tags?post=137513"}],"curies":[{"name":"wp","href":"https:\/\/api.w.org\/{rel}","templated":true}]}}