{"id":137521,"date":"2022-01-02T07:46:00","date_gmt":"2022-01-02T12:46:00","guid":{"rendered":"https:\/\/linitiative.ca\/International\/senegal-watford-ne-veut-pas-liberer-ismaila-sarr-pour-la-can\/"},"modified":"2022-01-02T07:46:00","modified_gmt":"2022-01-02T12:46:00","slug":"senegal-watford-ne-veut-pas-liberer-ismaila-sarr-pour-la-can","status":"publish","type":"post","link":"https:\/\/linitiative.ca\/International\/senegal-watford-ne-veut-pas-liberer-ismaila-sarr-pour-la-can\/","title":{"rendered":"S\u00e9n\u00e9gal : Watford ne veut pas lib\u00e9rer Isma\u00efla Sarr pour la CAN"},"content":{"rendered":"<div>A un peu plus d&rsquo;une semaine du d\u00e9but de la Coupe d&rsquo;Afrique des Nations, les Lions de la T\u00e9ranga se heurtent au refus de Watford, de lib\u00e9rer Isma\u00efla Sarr (23 ans)<\/div>\n<p>Auteur:<br \/>\n<a href=\"https:\/\/www.lebuteur.com\/article\/detail?titre=senegal-watford-ne-veut-pas-liberer-ismaila-sarr-pour-la-can&#038;id=101975\">Cliquez ici pour lire l&rsquo;article depuis sa source.<\/a><\/p>\n","protected":false},"excerpt":{"rendered":"<p>A un peu plus d&rsquo;une semaine du d\u00e9but de la Coupe d&rsquo;Afrique des Nations, les Lions de la T\u00e9ranga se heurtent au refus de Watford, de lib\u00e9rer Isma\u00efla Sarr (23 ans) Auteur: Cliquez ici pour lire l&rsquo;article depuis sa source.<\/p>\n","protected":false},"author":1738,"featured_media":0,"comment_status":"closed","ping_status":"closed","sticky":false,"template":"","format":"standard","meta":{"fifu_image_url":"","fifu_image_alt":"","footnotes":""},"categories":[53,75],"tags":[],"class_list":["post-137521","post","type-post","status-publish","format-standard","hentry","category-algerie","category-sport"],"_links":{"self":[{"href":"https:\/\/linitiative.ca\/International\/wp-json\/wp\/v2\/posts\/137521","targetHints":{"allow":["GET"]}}],"collection":[{"href":"https:\/\/linitiative.ca\/International\/wp-json\/wp\/v2\/posts"}],"about":[{"href":"https:\/\/linitiative.ca\/International\/wp-json\/wp\/v2\/types\/post"}],"author":[{"embeddable":true,"href":"https:\/\/linitiative.ca\/International\/wp-json\/wp\/v2\/users\/1738"}],"replies":[{"embeddable":true,"href":"https:\/\/linitiative.ca\/International\/wp-json\/wp\/v2\/comments?post=137521"}],"version-history":[{"count":0,"href":"https:\/\/linitiative.ca\/International\/wp-json\/wp\/v2\/posts\/137521\/revisions"}],"wp:attachment":[{"href":"https:\/\/linitiative.ca\/International\/wp-json\/wp\/v2\/media?parent=137521"}],"wp:term":[{"taxonomy":"category","embeddable":true,"href":"https:\/\/linitiative.ca\/International\/wp-json\/wp\/v2\/categories?post=137521"},{"taxonomy":"post_tag","embeddable":true,"href":"https:\/\/linitiative.ca\/International\/wp-json\/wp\/v2\/tags?post=137521"}],"curies":[{"name":"wp","href":"https:\/\/api.w.org\/{rel}","templated":true}]}}