{"id":137526,"date":"2022-01-02T08:15:00","date_gmt":"2022-01-02T13:15:00","guid":{"rendered":"https:\/\/linitiative.ca\/International\/ahmed-ounaies-mhamed-essaafi-un-diplomate-genereux-et-raffine\/"},"modified":"2022-01-02T08:15:00","modified_gmt":"2022-01-02T13:15:00","slug":"ahmed-ounaies-mhamed-essaafi-un-diplomate-genereux-et-raffine","status":"publish","type":"post","link":"https:\/\/linitiative.ca\/International\/ahmed-ounaies-mhamed-essaafi-un-diplomate-genereux-et-raffine\/","title":{"rendered":"Ahmed Ouna\u00efes: Mhamed Essaafi, un diplomate g\u00e9n\u00e9reux et raffin\u00e9"},"content":{"rendered":"<div><img decoding=\"async\" src=\"https:\/\/linitiative.ca\/International\/wp-content\/uploads\/sites\/23\/2022\/01\/1641126515_article.jpg\" alt=\"Ahmed Ouna\u00efes: Mhamed Essaafi, un diplomate g\u00e9n\u00e9reux et raffin\u00e9\" align=\"left\">La famille du Minist\u00e8re des Affaires Etrang\u00e8res vient de perdre, en d\u00e9cembre 2021, l\u2019Ambassadeur Mhamed Essaafi, un homme de haute conscience, un diplomate estim\u00e9 et raffin\u00e9 qui a assum\u00e9 les plus hautes responsabilit\u00e9s du Minist\u00e8re sans jamais aspirer \u00e0 une fonction politique. Ayant servi \u00e0 Washington, \u00e0 Moscou et aupr\u00e8s des Nations Unies \u00e0 New York, il a aussi dignement repr\u00e9sent\u00e9 la Tunisie \u00e0 Londres, Bonn, La Haye et Bruxelles. Il a conclu sa carri\u00e8re au rang de Secr\u00e9taire g\u00e9n\u00e9ral Adjoint des Nations Unies pendant treize ans, tant\u00f4t \u00e0 New York, tant\u00f4t \u00e0 Gen\u00e8ve. A son retour \u00e0 Tunis, il a d\u00e9clin\u00e9 l\u2019offre du successeur du Pr\u00e9sident Bourguiba d\u2019assurer la &#8230;<\/p>\n<\/div>\n<p>Auteur:<br \/>\n<a href=\"https:\/\/www.leaders.com.tn\/article\/32832-ahmed-ounaies-mhamed-essaafi-un-diplomate-genereux-et-raffine\">Cliquez ici pour lire l&rsquo;article depuis sa source.<\/a><\/p>\n","protected":false},"excerpt":{"rendered":"<p>La famille du Minist\u00e8re des Affaires Etrang\u00e8res vient de perdre, en d\u00e9cembre 2021, l\u2019Ambassadeur Mhamed Essaafi, un homme de haute conscience, un diplomate estim\u00e9 et raffin\u00e9 qui a assum\u00e9 les plus hautes responsabilit\u00e9s du Minist\u00e8re sans jamais aspirer \u00e0 une fonction politique. Ayant servi \u00e0 Washington, \u00e0 Moscou et aupr\u00e8s des Nations Unies \u00e0 New [&hellip;]<\/p>\n","protected":false},"author":1772,"featured_media":0,"comment_status":"closed","ping_status":"closed","sticky":false,"template":"","format":"standard","meta":{"fifu_image_url":"http:\/\/www.leaders.com.tn\/uploads\/content\/thumbnails_small\/1641126515_article.jpg","fifu_image_alt":"Ahmed Ouna\u00efes: Mhamed Essaafi, un diplomate g\u00e9n\u00e9reux et raffin\u00e9","footnotes":""},"categories":[73,55],"tags":[],"class_list":["post-137526","post","type-post","status-publish","format-standard","hentry","category-actualite","category-tunisie"],"_links":{"self":[{"href":"https:\/\/linitiative.ca\/International\/wp-json\/wp\/v2\/posts\/137526","targetHints":{"allow":["GET"]}}],"collection":[{"href":"https:\/\/linitiative.ca\/International\/wp-json\/wp\/v2\/posts"}],"about":[{"href":"https:\/\/linitiative.ca\/International\/wp-json\/wp\/v2\/types\/post"}],"author":[{"embeddable":true,"href":"https:\/\/linitiative.ca\/International\/wp-json\/wp\/v2\/users\/1772"}],"replies":[{"embeddable":true,"href":"https:\/\/linitiative.ca\/International\/wp-json\/wp\/v2\/comments?post=137526"}],"version-history":[{"count":0,"href":"https:\/\/linitiative.ca\/International\/wp-json\/wp\/v2\/posts\/137526\/revisions"}],"wp:attachment":[{"href":"https:\/\/linitiative.ca\/International\/wp-json\/wp\/v2\/media?parent=137526"}],"wp:term":[{"taxonomy":"category","embeddable":true,"href":"https:\/\/linitiative.ca\/International\/wp-json\/wp\/v2\/categories?post=137526"},{"taxonomy":"post_tag","embeddable":true,"href":"https:\/\/linitiative.ca\/International\/wp-json\/wp\/v2\/tags?post=137526"}],"curies":[{"name":"wp","href":"https:\/\/api.w.org\/{rel}","templated":true}]}}