{"id":137528,"date":"2022-01-02T10:30:00","date_gmt":"2022-01-02T15:30:00","guid":{"rendered":"https:\/\/linitiative.ca\/International\/tunisie-la-loi-de-finances-2022-donne-t-elle-le-la-a-leconomie-verte\/"},"modified":"2022-01-02T10:30:00","modified_gmt":"2022-01-02T15:30:00","slug":"tunisie-la-loi-de-finances-2022-donne-t-elle-le-la-a-leconomie-verte","status":"publish","type":"post","link":"https:\/\/linitiative.ca\/International\/tunisie-la-loi-de-finances-2022-donne-t-elle-le-la-a-leconomie-verte\/","title":{"rendered":"Tunisie: La loi de finances 2022, donne-t-elle le \u00abla\u00bb \u00e0 l\u2019\u00e9conomie verte?"},"content":{"rendered":"<div><img decoding=\"async\" src=\"https:\/\/linitiative.ca\/International\/wp-content\/uploads\/sites\/23\/2022\/01\/1641138299_article.jpg\" alt=\"Tunisie: La loi de finances 2022, donne-t-elle le \u00abla\u00bb \u00e0 l\u2019\u00e9conomie verte?\" align=\"left\">Par Nejiba Zaier &#8211; (Magistrate). Le d\u00e9cret-loi n\u00b02021-21 du 28 d\u00e9cembre 2021, relatif \u00e0 la loi de finances de l\u2019ann\u00e9e 2022(1), promulgue une loi de finances tant attendue dans ce climat politique de\u00a0 l\u2019apr\u00e8s 25 juillet 2021, o\u00f9 l\u2019\u00e9clatement de la capsule politique en hibernation depuis quelques mois, a propuls\u00e9 une application de l\u2019article 80 de la constitution Tunisienne du 27 janvier 2014(2), m\u00e9canisme utilis\u00e9 par le pr\u00e9sident de la r\u00e9publique de fait et de droit,\u00a0 passant du gel du l\u00e9gislatif, au profit de\u00a0 l\u2019ex\u00e9cutif.<br \/>\nAussi, l\u00e9gif\u00e9rer, devient un verbe qui se conjugue en G\u00e9ographie en Tunisie au lendemain du 25 juillet 2021(3), n\u2019\u00e9tant plus op\u00e9r\u00e9 au &#8230;<\/p>\n<\/div>\n<p>Auteur:<br \/>\n<a href=\"https:\/\/www.leaders.com.tn\/article\/32833-tunisie-la-loi-de-finances-2022-donne-t-elle-le-la-a-l-economie-verte\">Cliquez ici pour lire l&rsquo;article depuis sa source.<\/a><\/p>\n","protected":false},"excerpt":{"rendered":"<p>Par Nejiba Zaier &#8211; (Magistrate). Le d\u00e9cret-loi n\u00b02021-21 du 28 d\u00e9cembre 2021, relatif \u00e0 la loi de finances de l\u2019ann\u00e9e 2022(1), promulgue une loi de finances tant attendue dans ce climat politique de\u00a0 l\u2019apr\u00e8s 25 juillet 2021, o\u00f9 l\u2019\u00e9clatement de la capsule politique en hibernation depuis quelques mois, a propuls\u00e9 une application de l\u2019article 80 [&hellip;]<\/p>\n","protected":false},"author":1772,"featured_media":0,"comment_status":"closed","ping_status":"closed","sticky":false,"template":"","format":"standard","meta":{"fifu_image_url":"http:\/\/www.leaders.com.tn\/uploads\/content\/thumbnails_small\/1641138299_article.jpg","fifu_image_alt":"Tunisie: La loi de finances 2022, donne-t-elle le \u00abla\u00bb \u00e0 l\u2019\u00e9conomie verte?","footnotes":""},"categories":[73,55],"tags":[],"class_list":["post-137528","post","type-post","status-publish","format-standard","hentry","category-actualite","category-tunisie"],"_links":{"self":[{"href":"https:\/\/linitiative.ca\/International\/wp-json\/wp\/v2\/posts\/137528","targetHints":{"allow":["GET"]}}],"collection":[{"href":"https:\/\/linitiative.ca\/International\/wp-json\/wp\/v2\/posts"}],"about":[{"href":"https:\/\/linitiative.ca\/International\/wp-json\/wp\/v2\/types\/post"}],"author":[{"embeddable":true,"href":"https:\/\/linitiative.ca\/International\/wp-json\/wp\/v2\/users\/1772"}],"replies":[{"embeddable":true,"href":"https:\/\/linitiative.ca\/International\/wp-json\/wp\/v2\/comments?post=137528"}],"version-history":[{"count":0,"href":"https:\/\/linitiative.ca\/International\/wp-json\/wp\/v2\/posts\/137528\/revisions"}],"wp:attachment":[{"href":"https:\/\/linitiative.ca\/International\/wp-json\/wp\/v2\/media?parent=137528"}],"wp:term":[{"taxonomy":"category","embeddable":true,"href":"https:\/\/linitiative.ca\/International\/wp-json\/wp\/v2\/categories?post=137528"},{"taxonomy":"post_tag","embeddable":true,"href":"https:\/\/linitiative.ca\/International\/wp-json\/wp\/v2\/tags?post=137528"}],"curies":[{"name":"wp","href":"https:\/\/api.w.org\/{rel}","templated":true}]}}