{"id":13753,"date":"2019-02-13T11:06:16","date_gmt":"2019-02-13T16:06:16","guid":{"rendered":"https:\/\/linitiative.ca\/International\/ligue-1-2-usma-une-victoire-pour-se-rapprocher-du-titre\/"},"modified":"2019-02-13T11:06:16","modified_gmt":"2019-02-13T16:06:16","slug":"ligue-1-2-usma-une-victoire-pour-se-rapprocher-du-titre","status":"publish","type":"post","link":"https:\/\/linitiative.ca\/International\/ligue-1-2-usma-une-victoire-pour-se-rapprocher-du-titre\/","title":{"rendered":"Ligue 1 &#038; 2 : USMA : Une victoire pour se rapprocher du titre !"},"content":{"rendered":"<div readability=\"32\">\n<p>Auteur : <span>Adel Cheraki<\/span> <span class=\"time\">mercredi 13 f\u00e9vrier 2019 13:53<\/span><\/p>\n<\/div>\n<div id=\"post_core\" readability=\"64\">\n<p>Les Rouge et Noir enchaineront aujourd\u2019hui avec un nouveau match de championnat. Pour le compte de la 22e journ\u00e9e, ils se rendront \u00e0 A\u00efn Mlila o\u00f9 ils d\u00e9fieront la formation locale. Cette rencontre aura lieu au stade Zoubir-Khelifi et c\u2019est \u00e0 15h que son coup d\u2019envoi sera donn\u00e9. Un rendez-vous qu\u2019aucune des deux \u00e9quipes ne voudra\u00a0 rater vu l\u2019importance des trois points. Les locaux, \u00e0 une longueur d\u2019avance du premier rel\u00e9gable, tenteront de d\u00e9crocher une troisi\u00e8me victoire seulement \u00e0 domicile qui sera synonyme de grosse bouff\u00e9e d\u2019oxyg\u00e8ne. Les visiteurs, quant \u00e0 eux, essayeront de s\u2019imposer pour la seconde fois seulement hors d\u2019Alger surtout que seul un succ\u00e8s leur poussera de faire un pas de plus vers le titre. Elimin\u00e9s de la Coupe de la CAF, l\u2019UAFA Cup et la Coupe d\u2019Alg\u00e9rie, les co\u00e9quipiers de Farouk Chafa\u00ef n\u2019ont d\u00e9sormais que ce troph\u00e9e pour sauver leur saison et procurer de la joie \u00e0 leurs supporters.<\/p>\n<p><strong>L\u2019ASAM n\u2019a pas perdu \u00e0 domicile, mais\u2026<\/strong><br \/>Ce qu\u2019il faut savoir de l\u2019adversaire des Rouge et Noir, c\u2019est que cette \u00e9quipe a jou\u00e9 dix rencontres \u00e0 domicile. Elle n\u2019en a remport\u00e9 que deux et s\u2019est neutralis\u00e9e \u00e0 huit reprises. L\u2019ASAM n\u2019a, certes, pas perdu mais elle a laiss\u00e9 filer plusieurs points. Ce sera une motivation en plus pour Thierry Froger et ses joueurs afin d\u2019en prendre le maximum \u00e0 leur tour et esp\u00e9rer du coup creuser un peu plus l\u2019\u00e9cart sur ses concurrents surtout lorsqu\u2019on sait que le deuxi\u00e8me au classement,\u00a0\u00a0 la JSK, ira au stade 20-Ao\u00fbt-55 se mesurer au CRB, un club qui lutte pour sa survie en Ligue 1 Mobilis.<\/p>\n<p><strong>Pour d\u00e9crocher le titre, il faut aussi gagner \u00e0 l\u2019ext\u00e9rieur<\/strong><br \/>Actuel leader de la Ligue 1 Mobilis avec sept points d\u2019avance sur leur plus proche concurrent, l\u2019USMA a r\u00e9alis\u00e9 jusque-l\u00e0 un parcours de champion mais pour que les Rouge et Noir puissent officiellement l\u2019\u00eatre, il faut qu\u2019ils tuent rapidement le suspense et c\u2019est ce qui ne se produira que dans le cas o\u00f9 ils continueront \u00e0 enchainer les victoires. Deuxi\u00e8me au classement des meilleures \u00e9quipes \u00e0 l\u2019ext\u00e9rieur, les gars de Soustara peuvent d\u00e9passer leur grand rival d\u00e8s cet apr\u00e8s-midi et faire par la m\u00eame occasion un pas de plus vers le sacre. Pr\u00e9sent\u00e9 comme \u00e9tant une \u00e9quipe qui ne gagne qu\u2019\u00e0 Alger, les champions d\u2019automne auront une belle occasion pour montrer leur sup\u00e9riorit\u00e9 sur leur adversaire du jour et c\u2019est ce qui ne produira que s\u2019ils parviennent \u00e0 revenir \u00e0 la maison avec un nouveau succ\u00e8s. Un succ\u00e8s qui les mettra dans une voie royale pour aller chercher un nouveau titre et \u00e9toffer un peu plus le palmar\u00e8s du club qui a \u00e9t\u00e9 cr\u00e9\u00e9 en 1937.<br \/>\u00a0<\/p>\n<\/div>\n<p>Auteur:<br \/>\n<a href=\"http:\/\/www.lebuteur.com\/article\/detail?titre=usma-une-victoire-pour-se-rapprocher-du-titre&#038;id=86336&#038;utm_source=feedburner&#038;utm_medium=feed&#038;utm_campaign=Feed%3A+GalerieFArtciles+%28Les+derniers+articles++-+lebuteur.com%29\">Cliquez ici pour lire l&rsquo;article depuis sa source.<\/a><\/p>\n","protected":false},"excerpt":{"rendered":"<p>Auteur : Adel Cheraki mercredi 13 f\u00e9vrier 2019 13:53 Les Rouge et Noir enchaineront aujourd\u2019hui avec un nouveau match de championnat. Pour le compte de la 22e journ\u00e9e, ils se rendront \u00e0 A\u00efn Mlila o\u00f9 ils d\u00e9fieront la formation locale. Cette rencontre aura lieu au stade Zoubir-Khelifi et c\u2019est \u00e0 15h que son coup d\u2019envoi [&hellip;]<\/p>\n","protected":false},"author":1738,"featured_media":13756,"comment_status":"closed","ping_status":"closed","sticky":false,"template":"","format":"standard","meta":{"fifu_image_url":"","fifu_image_alt":"","footnotes":""},"categories":[53,75],"tags":[],"class_list":["post-13753","post","type-post","status-publish","format-standard","has-post-thumbnail","hentry","category-algerie","category-sport"],"_links":{"self":[{"href":"https:\/\/linitiative.ca\/International\/wp-json\/wp\/v2\/posts\/13753","targetHints":{"allow":["GET"]}}],"collection":[{"href":"https:\/\/linitiative.ca\/International\/wp-json\/wp\/v2\/posts"}],"about":[{"href":"https:\/\/linitiative.ca\/International\/wp-json\/wp\/v2\/types\/post"}],"author":[{"embeddable":true,"href":"https:\/\/linitiative.ca\/International\/wp-json\/wp\/v2\/users\/1738"}],"replies":[{"embeddable":true,"href":"https:\/\/linitiative.ca\/International\/wp-json\/wp\/v2\/comments?post=13753"}],"version-history":[{"count":0,"href":"https:\/\/linitiative.ca\/International\/wp-json\/wp\/v2\/posts\/13753\/revisions"}],"wp:featuredmedia":[{"embeddable":true,"href":"https:\/\/linitiative.ca\/International\/wp-json\/"}],"wp:attachment":[{"href":"https:\/\/linitiative.ca\/International\/wp-json\/wp\/v2\/media?parent=13753"}],"wp:term":[{"taxonomy":"category","embeddable":true,"href":"https:\/\/linitiative.ca\/International\/wp-json\/wp\/v2\/categories?post=13753"},{"taxonomy":"post_tag","embeddable":true,"href":"https:\/\/linitiative.ca\/International\/wp-json\/wp\/v2\/tags?post=13753"}],"curies":[{"name":"wp","href":"https:\/\/api.w.org\/{rel}","templated":true}]}}