{"id":137535,"date":"2022-01-02T07:33:08","date_gmt":"2022-01-02T12:33:08","guid":{"rendered":"https:\/\/linitiative.ca\/International\/biden-nomme-un-ancien-ambassadeur-des-usa-au-maroc-a-linstitut-des-etats-unis-pour-la-paix\/"},"modified":"2022-01-02T07:33:08","modified_gmt":"2022-01-02T12:33:08","slug":"biden-nomme-un-ancien-ambassadeur-des-usa-au-maroc-a-linstitut-des-etats-unis-pour-la-paix","status":"publish","type":"post","link":"https:\/\/linitiative.ca\/International\/biden-nomme-un-ancien-ambassadeur-des-usa-au-maroc-a-linstitut-des-etats-unis-pour-la-paix\/","title":{"rendered":"Biden nomme un ancien ambassadeur des USA au Maroc \u00e0 l\u2019Institut des Etats-Unis pour la paix"},"content":{"rendered":"<div><img decoding=\"async\" width=\"588\" height=\"330\" src=\"https:\/\/www.challenge.ma\/wp-content\/uploads\/2022\/01\/USA2.webp\" class=\"attachment-post-thumbnail size-post-thumbnail wp-post-image\" alt=\"\" loading=\"lazy\" srcset=\"https:\/\/www.challenge.ma\/wp-content\/uploads\/2022\/01\/USA2.webp 588w, https:\/\/www.challenge.ma\/wp-content\/uploads\/2022\/01\/USA2-300x168.webp 300w, https:\/\/www.challenge.ma\/wp-content\/uploads\/2022\/01\/USA2-360x202.webp 360w\" sizes=\"auto, (max-width: 588px) 100vw, 588px\" itemprop=\"image\">Le pr\u00e9sident am\u00e9ricain Joe Biden vient de nommer l\u2019ancien ambassadeur des Etats-Unis au Maroc (1997-2001), Edward Gabriel, au poste de membre du conseil d\u2019administration de l\u2019Institut des Etats-Unis pour la paix, un organisme public fond\u00e9 par le Congr\u00e8s et dont la mission de pr\u00e9venir et d\u2019essayer de r\u00e9soudre les guerres<\/div>\n<p>Auteur: challenge<br \/>\n<a href=\"https:\/\/www.challenge.ma\/biden-nomme-un-ancien-ambassadeur-des-usa-au-maroc-a-linstitut-des-etats-unis-pour-la-paix-229832\/\">Cliquez ici pour lire l&rsquo;article depuis sa source.<\/a><\/p>\n","protected":false},"excerpt":{"rendered":"<p>Le pr\u00e9sident am\u00e9ricain Joe Biden vient de nommer l\u2019ancien ambassadeur des Etats-Unis au Maroc (1997-2001), Edward Gabriel, au poste de membre du conseil d\u2019administration de l\u2019Institut des Etats-Unis pour la paix, un organisme public fond\u00e9 par le Congr\u00e8s et dont la mission de pr\u00e9venir et d\u2019essayer de r\u00e9soudre les guerres Auteur: challenge Cliquez ici pour [&hellip;]<\/p>\n","protected":false},"author":1787,"featured_media":0,"comment_status":"closed","ping_status":"closed","sticky":false,"template":"","format":"standard","meta":{"fifu_image_url":"https:\/\/www.challenge.ma\/wp-content\/uploads\/2022\/01\/USA2.webp","fifu_image_alt":"Biden nomme un ancien ambassadeur des USA au Maroc \u00e0 l\u2019Institut des Etats-Unis pour la paix","footnotes":""},"categories":[78,54],"tags":[],"class_list":["post-137535","post","type-post","status-publish","format-standard","hentry","category-economie","category-maroc"],"_links":{"self":[{"href":"https:\/\/linitiative.ca\/International\/wp-json\/wp\/v2\/posts\/137535","targetHints":{"allow":["GET"]}}],"collection":[{"href":"https:\/\/linitiative.ca\/International\/wp-json\/wp\/v2\/posts"}],"about":[{"href":"https:\/\/linitiative.ca\/International\/wp-json\/wp\/v2\/types\/post"}],"author":[{"embeddable":true,"href":"https:\/\/linitiative.ca\/International\/wp-json\/wp\/v2\/users\/1787"}],"replies":[{"embeddable":true,"href":"https:\/\/linitiative.ca\/International\/wp-json\/wp\/v2\/comments?post=137535"}],"version-history":[{"count":0,"href":"https:\/\/linitiative.ca\/International\/wp-json\/wp\/v2\/posts\/137535\/revisions"}],"wp:attachment":[{"href":"https:\/\/linitiative.ca\/International\/wp-json\/wp\/v2\/media?parent=137535"}],"wp:term":[{"taxonomy":"category","embeddable":true,"href":"https:\/\/linitiative.ca\/International\/wp-json\/wp\/v2\/categories?post=137535"},{"taxonomy":"post_tag","embeddable":true,"href":"https:\/\/linitiative.ca\/International\/wp-json\/wp\/v2\/tags?post=137535"}],"curies":[{"name":"wp","href":"https:\/\/api.w.org\/{rel}","templated":true}]}}