{"id":137540,"date":"2022-01-02T12:59:13","date_gmt":"2022-01-02T17:59:13","guid":{"rendered":"https:\/\/linitiative.ca\/International\/voici-les-emplacements-des-nouveaux-radars-automatiques\/"},"modified":"2022-01-02T12:59:13","modified_gmt":"2022-01-02T17:59:13","slug":"voici-les-emplacements-des-nouveaux-radars-automatiques","status":"publish","type":"post","link":"https:\/\/linitiative.ca\/International\/voici-les-emplacements-des-nouveaux-radars-automatiques\/","title":{"rendered":"Voici les emplacements des nouveaux radars automatiques"},"content":{"rendered":"<div><img decoding=\"async\" width=\"720\" height=\"404\" src=\"https:\/\/linitiative.ca\/International\/wp-content\/uploads\/sites\/23\/2022\/01\/nouveaux-radars.jpg\" class=\"attachment-post-thumbnail size-post-thumbnail wp-post-image\" alt=\"\" loading=\"lazy\" srcset=\"https:\/\/linitiative.ca\/International\/wp-content\/uploads\/sites\/23\/2022\/01\/nouveaux-radars.jpg 720w, https:\/\/www.challenge.ma\/wp-content\/uploads\/2021\/10\/nouveaux-radars-300x168.jpg 300w, https:\/\/www.challenge.ma\/wp-content\/uploads\/2021\/10\/nouveaux-radars-360x202.jpg 360w\" sizes=\"auto, (max-width: 720px) 100vw, 720px\" itemprop=\"image\">Mohamed Abdel Jalil, le Ministre des Transports et de la Logistique, a rendu une d\u00e9cision fixant l\u2019emplacement des radars nouvelle g\u00e9n\u00e9ration sur les routes marocaines. La d\u00e9cision a \u00e9t\u00e9 publi\u00e9e le 30 d\u00e9cembre au Journal officiel du Royaume. Des radars qui peuvent d\u00e9sormais d\u00e9tecter le non-respect de l\u2019arr\u00eat au feu<\/div>\n<p>Auteur: Azeroual Siham<br \/>\n<a href=\"https:\/\/www.challenge.ma\/prevention-routiere-voici-les-emplacements-des-nouveaux-radars-automatiques-229846\/\">Cliquez ici pour lire l&rsquo;article depuis sa source.<\/a><\/p>\n","protected":false},"excerpt":{"rendered":"<p>Mohamed Abdel Jalil, le Ministre des Transports et de la Logistique, a rendu une d\u00e9cision fixant l\u2019emplacement des radars nouvelle g\u00e9n\u00e9ration sur les routes marocaines. La d\u00e9cision a \u00e9t\u00e9 publi\u00e9e le 30 d\u00e9cembre au Journal officiel du Royaume. Des radars qui peuvent d\u00e9sormais d\u00e9tecter le non-respect de l\u2019arr\u00eat au feu Auteur: Azeroual Siham Cliquez ici [&hellip;]<\/p>\n","protected":false},"author":1787,"featured_media":0,"comment_status":"closed","ping_status":"closed","sticky":false,"template":"","format":"standard","meta":{"fifu_image_url":"https:\/\/www.challenge.ma\/wp-content\/uploads\/2021\/10\/nouveaux-radars.jpg","fifu_image_alt":"Voici les emplacements des nouveaux radars automatiques","footnotes":""},"categories":[78,54],"tags":[],"class_list":["post-137540","post","type-post","status-publish","format-standard","hentry","category-economie","category-maroc"],"_links":{"self":[{"href":"https:\/\/linitiative.ca\/International\/wp-json\/wp\/v2\/posts\/137540","targetHints":{"allow":["GET"]}}],"collection":[{"href":"https:\/\/linitiative.ca\/International\/wp-json\/wp\/v2\/posts"}],"about":[{"href":"https:\/\/linitiative.ca\/International\/wp-json\/wp\/v2\/types\/post"}],"author":[{"embeddable":true,"href":"https:\/\/linitiative.ca\/International\/wp-json\/wp\/v2\/users\/1787"}],"replies":[{"embeddable":true,"href":"https:\/\/linitiative.ca\/International\/wp-json\/wp\/v2\/comments?post=137540"}],"version-history":[{"count":0,"href":"https:\/\/linitiative.ca\/International\/wp-json\/wp\/v2\/posts\/137540\/revisions"}],"wp:attachment":[{"href":"https:\/\/linitiative.ca\/International\/wp-json\/wp\/v2\/media?parent=137540"}],"wp:term":[{"taxonomy":"category","embeddable":true,"href":"https:\/\/linitiative.ca\/International\/wp-json\/wp\/v2\/categories?post=137540"},{"taxonomy":"post_tag","embeddable":true,"href":"https:\/\/linitiative.ca\/International\/wp-json\/wp\/v2\/tags?post=137540"}],"curies":[{"name":"wp","href":"https:\/\/api.w.org\/{rel}","templated":true}]}}