{"id":137548,"date":"2022-01-02T16:31:57","date_gmt":"2022-01-02T21:31:57","guid":{"rendered":"https:\/\/linitiative.ca\/International\/tunisie-quel-protocole-sanitaire-va-appliquer-le-ministere-de-leducation-demain-a-la-rentree\/"},"modified":"2022-01-02T16:31:57","modified_gmt":"2022-01-02T21:31:57","slug":"tunisie-quel-protocole-sanitaire-va-appliquer-le-ministere-de-leducation-demain-a-la-rentree","status":"publish","type":"post","link":"https:\/\/linitiative.ca\/International\/tunisie-quel-protocole-sanitaire-va-appliquer-le-ministere-de-leducation-demain-a-la-rentree\/","title":{"rendered":"Tunisie \u2013 Quel protocole sanitaire va appliquer le minist\u00e8re de l\u2019\u00e9ducation demain \u00e0 la rentr\u00e9e\u00a0?"},"content":{"rendered":"<div>\n<p>Les vacances sont finies. Les cadres du minist\u00e8re de l\u2019\u00e9ducation les ont mis \u00e0 profit pour\u2026se reposer et faire du tourisme. Mais, demain \u00e7\u00e0 sera la rentr\u00e9e des classes. Une rentr\u00e9e \u00e0 tr\u00e8s haut risque, sur le plan \u00e9pid\u00e9miologique. Puisque la rentr\u00e9e s\u2019effectue dans un contexte particulier avec la multiplication des cas d\u2019infections au coivd, [\u2026]<\/p>\n<p>L\u2019article <a href=\"https:\/\/www.tunisienumerique.com\/tunisie-quel-protocole-sanitaire-va-appliquer-le-ministere-de-leducation-demain-a-la-rentree\/\">Tunisie \u2013 Quel protocole sanitaire va appliquer le minist\u00e8re de l\u2019\u00e9ducation demain \u00e0 la rentr\u00e9e\u00a0?<\/a> est apparu en premier sur <a href=\"https:\/\/www.tunisienumerique.com\/\">Tunisie<\/a>.<\/p>\n<\/div>\n<p>Auteur: Saber .<br \/>\n<a href=\"https:\/\/www.tunisienumerique.com\/tunisie-quel-protocole-sanitaire-va-appliquer-le-ministere-de-leducation-demain-a-la-rentree\/\">Cliquez ici pour lire l&rsquo;article depuis sa source.<\/a><\/p>\n","protected":false},"excerpt":{"rendered":"<p>Les vacances sont finies. Les cadres du minist\u00e8re de l\u2019\u00e9ducation les ont mis \u00e0 profit pour\u2026se reposer et faire du tourisme. Mais, demain \u00e7\u00e0 sera la rentr\u00e9e des classes. Une rentr\u00e9e \u00e0 tr\u00e8s haut risque, sur le plan \u00e9pid\u00e9miologique. Puisque la rentr\u00e9e s\u2019effectue dans un contexte particulier avec la multiplication des cas d\u2019infections au coivd, [&hellip;]<\/p>\n","protected":false},"author":1789,"featured_media":0,"comment_status":"closed","ping_status":"closed","sticky":false,"template":"","format":"standard","meta":{"fifu_image_url":"","fifu_image_alt":"","footnotes":""},"categories":[73,55],"tags":[],"class_list":["post-137548","post","type-post","status-publish","format-standard","hentry","category-actualite","category-tunisie"],"_links":{"self":[{"href":"https:\/\/linitiative.ca\/International\/wp-json\/wp\/v2\/posts\/137548","targetHints":{"allow":["GET"]}}],"collection":[{"href":"https:\/\/linitiative.ca\/International\/wp-json\/wp\/v2\/posts"}],"about":[{"href":"https:\/\/linitiative.ca\/International\/wp-json\/wp\/v2\/types\/post"}],"author":[{"embeddable":true,"href":"https:\/\/linitiative.ca\/International\/wp-json\/wp\/v2\/users\/1789"}],"replies":[{"embeddable":true,"href":"https:\/\/linitiative.ca\/International\/wp-json\/wp\/v2\/comments?post=137548"}],"version-history":[{"count":0,"href":"https:\/\/linitiative.ca\/International\/wp-json\/wp\/v2\/posts\/137548\/revisions"}],"wp:attachment":[{"href":"https:\/\/linitiative.ca\/International\/wp-json\/wp\/v2\/media?parent=137548"}],"wp:term":[{"taxonomy":"category","embeddable":true,"href":"https:\/\/linitiative.ca\/International\/wp-json\/wp\/v2\/categories?post=137548"},{"taxonomy":"post_tag","embeddable":true,"href":"https:\/\/linitiative.ca\/International\/wp-json\/wp\/v2\/tags?post=137548"}],"curies":[{"name":"wp","href":"https:\/\/api.w.org\/{rel}","templated":true}]}}