{"id":137549,"date":"2022-01-02T05:52:47","date_gmt":"2022-01-02T10:52:47","guid":{"rendered":"https:\/\/linitiative.ca\/International\/dialogue-public-prive-le-rappel-methodologique-de-paul-biya-au-gouvernement\/"},"modified":"2022-01-02T05:52:47","modified_gmt":"2022-01-02T10:52:47","slug":"dialogue-public-prive-le-rappel-methodologique-de-paul-biya-au-gouvernement","status":"publish","type":"post","link":"https:\/\/linitiative.ca\/International\/dialogue-public-prive-le-rappel-methodologique-de-paul-biya-au-gouvernement\/","title":{"rendered":"Dialogue public priv\u00e9 : le rappel m\u00e9thodologique de Paul Biya au gouvernement"},"content":{"rendered":"<div>\n<p>La situation de blocage n\u00e9e des tensions entre le patronat et le gouvernement sur le contenu des mesures d\u2019all\u00e8gement du poids n\u00e9gatif occasionn\u00e9 par la pand\u00e9mie de Covid-19 sur l\u2019\u00e9conomie, vient de conna\u00eetre un d\u00e9but de solution. En effet, le chef de l\u2019Etat, lors de son discours \u00e0 la nation, a instruit le gouvernement d\u2019identifier des pistes pouvant garantir la poursuite des activit\u00e9s du secteur priv\u00e9 dans un environnement all\u00e9g\u00e9 de contraintes.\u00a0<\/p>\n<p>\u00abDans un environnement macro-\u00e9conomique fortement perturb\u00e9 par la pand\u00e9mie du Covid-19, il a fallu continuer \u00e0 garantir la comp\u00e9titivit\u00e9 du secteur priv\u00e9. Il n\u2019\u00e9chappe \u00e0 personne que cette pand\u00e9mie a entrain\u00e9 un rench\u00e9rissement du fret maritime, avec pour incidence imm\u00e9diate, une inflation du co\u00fbt des produits de premi\u00e8re n\u00e9cessit\u00e9. C\u2019est donc conscient des sacrifices consid\u00e9rables que les op\u00e9rateurs \u00e9conomiques nationaux ont consenti pour att\u00e9nuer les effets de la pand\u00e9mie, que j\u2019ai instruit le gouvernement de r\u00e9duire de 80%, le montant du fret maritime \u00e0 int\u00e9grer dans le calcul des droits de douane\u00a0\u00bb, souligne Paul Biya dans son adresse \u00e0 la nation le 31 d\u00e9cembre 2021.<\/p>\n<p>\u00a0Pour cela assure le pr\u00e9sident de la R\u00e9publique, \u00ab\u00a0le gouvernement devra \u00e9galement poursuivre les \u00e9changes avec le secteur priv\u00e9, \u00e0 l\u2019effet d\u2019identifier les mesures suppl\u00e9mentaires susceptibles d\u2019\u00eatre mises en \u0153uvre\u00bb.\u00a0Pour l\u2019\u00e9conomiste Dieudonn\u00e9 Essomba, le chef de l\u2019Etat ne tranche pas en faveur du Gicam mais rappelle au gouvernement la posture m\u00e9thodologique \u00e0 adopter.<\/p>\n<p>\u00abIl est normal que lorsque la dynamique des prix augmente \u00e0 l\u2019international du fait de facteurs ext\u00e9rieurs que le Cameroun ne ma\u00eetrise pas, que les contrecoups soient atomis\u00e9s et support\u00e9s par les trois acteurs\u00a0: le gouvernement doit ajuster ses pr\u00e9visions fiscales, les entreprises doivent abandonner une partie de leurs b\u00e9n\u00e9fices et les consommateurs doivent accepter de payer un peu plus cher les produits. Il n\u2019appartient pas \u00e0 un seul acteur de tout subir et de l\u2019abandonner. Et dans cette situation, la posture du Gicam est la plus raisonnable et non celle d\u2019un gouvernement dont la vision est \u00e9triqu\u00e9e et obnubil\u00e9e par les gains fiscaux qu\u2019il peut r\u00e9aliser\u00bb, analyse l\u2019\u00e9conomiste.<\/p>\n<p>C\u00f4t\u00e9 Gicam, l\u2019on ne souhaite pas encore faire de commentaire sur ce discours du pr\u00e9sident de la R\u00e9publique. L\u2019on promet une d\u00e9claration ult\u00e9rieure afin de donner une position officielle et concert\u00e9e. Toutefois, l\u2019on se souvient que le dialogue entre l\u2019Etat et le secteur priv\u00e9 avait \u00e9t\u00e9 rompu unilat\u00e9ralement par le patronat sur fond de menaces d\u2019arr\u00eat de production des denr\u00e9es\u00a0 et autres produits de grande consommation \u00e0 la faveur de l\u2019explosion des co\u00fbts des intrants, de la crise des containers et de l\u2019envol\u00e9e des cotations du fret maritime international. Les patrons avaient en effet refus\u00e9 de participer au Cameroon Business Forum le 15 d\u00e9cembre dernier au motif de la non-prise en compte par le gouvernement de leur plaidoyer pour l\u2019organisation de cette rencontre et surtout sa refondation.<\/p>\n<p>\u00abFace aux nombreux d\u00e9fis sociaux et \u00e9conomiques auxquels fait face le gouvernement et \u00e0 la grogne croissante des entreprises, l\u2019urgence \u00e0 refonder le cadre de partenariat entre l\u2019Etat et le secteur priv\u00e9 est plus que jamais r\u00e9elle\u00a0\u00bb, indique le Gicam pour qui, il faut une structure novatrice d\u00e9nomm\u00e9e Cameroon Business Council plac\u00e9e sous l\u2019autorit\u00e9 du chef du gouvernement voire du pr\u00e9sident de la R\u00e9publique. Simon Pierre Mbarga<\/p>\n<p>L\u2019article <a rel=\"nofollow\" href=\"https:\/\/ecomatin.net\/dialogue-public-prive-le-rappel-methodologique-de-paul-biya-au-gouvernement\/\">Dialogue public priv\u00e9 : le rappel m\u00e9thodologique de Paul Biya au gouvernement<\/a> est apparu en premier sur <a rel=\"nofollow\" href=\"https:\/\/ecomatin.net\/\">EcoMatin<\/a>.<\/p>\n<\/div>\n<p>Auteur: EcoMatin<br \/>\n<a href=\"https:\/\/ecomatin.net\/dialogue-public-prive-le-rappel-methodologique-de-paul-biya-au-gouvernement\/\">Cliquez ici pour lire l&rsquo;article depuis sa source.<\/a><\/p>\n","protected":false},"excerpt":{"rendered":"<p>La situation de blocage n\u00e9e des tensions entre le patronat et le gouvernement sur le contenu des mesures d\u2019all\u00e8gement du poids n\u00e9gatif occasionn\u00e9 par la pand\u00e9mie de Covid-19 sur l\u2019\u00e9conomie, vient de conna\u00eetre un d\u00e9but de solution. En effet, le chef de l\u2019Etat, lors de son discours \u00e0 la nation, a instruit le gouvernement d\u2019identifier [&hellip;]<\/p>\n","protected":false},"author":1969,"featured_media":0,"comment_status":"closed","ping_status":"closed","sticky":false,"template":"","format":"standard","meta":{"fifu_image_url":"","fifu_image_alt":"","footnotes":""},"categories":[82,78],"tags":[],"class_list":["post-137549","post","type-post","status-publish","format-standard","hentry","category-cameroun","category-economie"],"_links":{"self":[{"href":"https:\/\/linitiative.ca\/International\/wp-json\/wp\/v2\/posts\/137549","targetHints":{"allow":["GET"]}}],"collection":[{"href":"https:\/\/linitiative.ca\/International\/wp-json\/wp\/v2\/posts"}],"about":[{"href":"https:\/\/linitiative.ca\/International\/wp-json\/wp\/v2\/types\/post"}],"author":[{"embeddable":true,"href":"https:\/\/linitiative.ca\/International\/wp-json\/wp\/v2\/users\/1969"}],"replies":[{"embeddable":true,"href":"https:\/\/linitiative.ca\/International\/wp-json\/wp\/v2\/comments?post=137549"}],"version-history":[{"count":0,"href":"https:\/\/linitiative.ca\/International\/wp-json\/wp\/v2\/posts\/137549\/revisions"}],"wp:attachment":[{"href":"https:\/\/linitiative.ca\/International\/wp-json\/wp\/v2\/media?parent=137549"}],"wp:term":[{"taxonomy":"category","embeddable":true,"href":"https:\/\/linitiative.ca\/International\/wp-json\/wp\/v2\/categories?post=137549"},{"taxonomy":"post_tag","embeddable":true,"href":"https:\/\/linitiative.ca\/International\/wp-json\/wp\/v2\/tags?post=137549"}],"curies":[{"name":"wp","href":"https:\/\/api.w.org\/{rel}","templated":true}]}}