{"id":137551,"date":"2022-01-03T07:20:19","date_gmt":"2022-01-03T12:20:19","guid":{"rendered":"https:\/\/linitiative.ca\/International\/tanger-le-wali-au-chevet-des-commercants-de-lancienne-medina\/"},"modified":"2022-01-03T07:20:19","modified_gmt":"2022-01-03T12:20:19","slug":"tanger-le-wali-au-chevet-des-commercants-de-lancienne-medina","status":"publish","type":"post","link":"https:\/\/linitiative.ca\/International\/tanger-le-wali-au-chevet-des-commercants-de-lancienne-medina\/","title":{"rendered":"Tanger : Le wali au chevet des commer\u00e7ants de l\u2019ancienne m\u00e9dina"},"content":{"rendered":"<div>\n<p><img loading=\"lazy\" decoding=\"async\" width=\"300\" height=\"153\" src=\"https:\/\/linitiative.ca\/International\/wp-content\/uploads\/sites\/23\/2022\/01\/Le-wali-au-chevet-des-commercants-de-lancienne-medina-300x153-1.jpg\" class=\"attachment-medium size-medium wp-post-image\" alt=\"\" srcset=\"https:\/\/linitiative.ca\/International\/wp-content\/uploads\/sites\/23\/2022\/01\/Le-wali-au-chevet-des-commercants-de-lancienne-medina-300x153-1.jpg 300w, https:\/\/aujourdhui.ma\/wp-content\/uploads\/2022\/01\/Le-wali-au-chevet-des-commercants-de-lancienne-medina-274x140.jpg 274w, https:\/\/aujourdhui.ma\/wp-content\/uploads\/2022\/01\/Le-wali-au-chevet-des-commercants-de-lancienne-medina.jpg 746w, https:\/\/aujourdhui.ma\/wp-content\/uploads\/2022\/01\/Le-wali-au-chevet-des-commercants-de-lancienne-medina-165x84.jpg 165w, https:\/\/aujourdhui.ma\/wp-content\/uploads\/2022\/01\/Le-wali-au-chevet-des-commercants-de-lancienne-medina-702x358.jpg 702w\" sizes=\"auto, (max-width: 300px) 100vw, 300px\"><\/p>\n<p><span style=\"color: #800000;\"><strong>Les partenaires institutionnels et les professionnels concern\u00e9s ont discut\u00e9 avec lui des probl\u00e9matiques li\u00e9es aux commerces intra-muros<\/strong><\/span><span id=\"more-396596\"><\/span><\/p>\n<p>Tr\u00e8s d\u00e9pendante des clients \u00e9trangers, la majorit\u00e9 des commer\u00e7ants de l\u2019ancienne m\u00e9dina de Tanger a beaucoup de difficult\u00e9s \u00e0 reprendre ses activit\u00e9s en ces temps de crise \u00e9conomique li\u00e9e \u00e0 la pand\u00e9mie de Covid-19. Dans ce contexte, le wali de la r\u00e9gion, Mohamed Mhidia, a pr\u00e9sid\u00e9, vendredi 31 janvier, au si\u00e8ge de la wilaya, une r\u00e9union pour discuter des probl\u00e9matiques li\u00e9es aux commerces dans l\u2019ancienne m\u00e9dina et de trouver les moyens pour permettre \u00e0 cet espace, qui a fait l\u2019objet d\u2019un important programme de r\u00e9habilitation et de valorisation, de retrouver son dynamisme. Cette rencontre \u2013 qui a rassembl\u00e9 des repr\u00e9sentants des d\u00e9partements institutionnels, des Chambres professionnelles et de la corporation des commer\u00e7ants de la m\u00e9dina- vient en r\u00e9ponse \u00e0 l\u2019appel lanc\u00e9 par la soci\u00e9t\u00e9 civile et les professionnels aux pouvoirs locaux afin de soutenir les commerces intra-muros. M. Mhidia a saisi l\u2019occasion pour faire part de la n\u00e9cessit\u00e9 de trouver des solutions aux probl\u00e8mes dont souffrent les repr\u00e9sentants des diff\u00e9rents commerces de la m\u00e9dina. Il a encourag\u00e9 tous les partenaires concern\u00e9s \u00e0 mobiliser tous leurs efforts pour pouvoir mieux r\u00e9pondre aux revendications de ces professionnels.<\/p>\n<p>Les participants ont convenu de la n\u00e9cessit\u00e9 d\u2019accorder davantage d\u2019importance \u00e0 l\u2019ancienne ville, qui a toujours fait partie des sites les plus pl\u00e9biscit\u00e9s de la ville. D\u2019ailleurs, ils ont fait part de la mise en avant des atouts et potentialit\u00e9s de la m\u00e9dina lors des journ\u00e9es commerciales pr\u00e9vues d\u2019\u00eatre organis\u00e9es \u00e0 l\u2019initiative de la Chambre de commerce et d\u2019industrie et de services de Tanger-T\u00e9touan-Al Hoceima (CCIS-TTA), dans la ville du d\u00e9troit. Ainsi et pour soutenir et d\u00e9velopper le commerce, la CCISTTA a incit\u00e9 les commer\u00e7ants \u00e0 participer aux s\u00e9ries de formation programm\u00e9es, dont celles tenues sur le e-commerce d\u00e9di\u00e9es aux professionnels du Nord. Rappelons que dans ce sens une op\u00e9ration vient d\u2019\u00eatre lanc\u00e9e \u00e0 l\u2019appel des acteurs associatifs, des professionnels et de simples Tang\u00e9rois sur les r\u00e9seaux sociaux pour encourager les internautes \u00e0 aller faire leurs achats chez les commer\u00e7ants de l\u2019ancienne m\u00e9dina afin de les aider \u00e0 faire face \u00e0 la r\u00e9cession qui frappe toutes les activit\u00e9s commerciales en particulier celles d\u00e9pendantes de la client\u00e8le \u00e9trang\u00e8re.<\/p>\n<p>Plusieurs artistes, sportifs et influenceurs s\u2019y sont joints en postant des vid\u00e9os de soutien en faveur des professionnels de la m\u00e9dina. Ils appellent leurs fans \u00e0 participer \u00e0 cette op\u00e9ration de solidarit\u00e9 avec ces commer\u00e7ants, dont la majorit\u00e9 craint de ne pas pouvoir r\u00e9sister encore \u00e0 cette crise. Car ils n\u2019ont pas les moyens et les liquidit\u00e9s pour continuer de s\u2019approvisionner en marchandises ou de payer le loyer de leurs locaux. Alors que d\u2019aucuns ont \u00e9t\u00e9 contraints d\u00e8s le d\u00e9but de la pand\u00e9mie de mettre la cl\u00e9 sous la porte et de se retirer d\u00e9finitivement du commerce. Notons qu\u2019en plus des commerces de la m\u00e9dina, il y a lieu de citer les guides touristiques qui sont quasiment \u00e0 l\u2019arr\u00eat d\u2019activit\u00e9 en raison de la forte d\u00e9pendance de leur secteur de la client\u00e8le \u00e9trang\u00e8re.<\/p>\n<\/div>\n<p>Auteur: Najat Fa\u00efssal<br \/>\n<a href=\"https:\/\/aujourdhui.ma\/societe\/tanger-le-wali-au-chevet-des-commercants-de-lancienne-medina\">Cliquez ici pour lire l&rsquo;article depuis sa source.<\/a><\/p>\n","protected":false},"excerpt":{"rendered":"<p>Les partenaires institutionnels et les professionnels concern\u00e9s ont discut\u00e9 avec lui des probl\u00e9matiques li\u00e9es aux commerces intra-muros Tr\u00e8s d\u00e9pendante des clients \u00e9trangers, la majorit\u00e9 des commer\u00e7ants de l\u2019ancienne m\u00e9dina de Tanger a beaucoup de difficult\u00e9s \u00e0 reprendre ses activit\u00e9s en ces temps de crise \u00e9conomique li\u00e9e \u00e0 la pand\u00e9mie de Covid-19. Dans ce contexte, le [&hellip;]<\/p>\n","protected":false},"author":1759,"featured_media":0,"comment_status":"closed","ping_status":"closed","sticky":false,"template":"","format":"standard","meta":{"fifu_image_url":"https:\/\/aujourdhui.ma\/wp-content\/uploads\/2022\/01\/Le-wali-au-chevet-des-commercants-de-lancienne-medina-300x153.jpg","fifu_image_alt":"Tanger : Le wali au chevet des commer\u00e7ants de l\u2019ancienne m\u00e9dina","footnotes":""},"categories":[73,54],"tags":[],"class_list":["post-137551","post","type-post","status-publish","format-standard","hentry","category-actualite","category-maroc"],"_links":{"self":[{"href":"https:\/\/linitiative.ca\/International\/wp-json\/wp\/v2\/posts\/137551","targetHints":{"allow":["GET"]}}],"collection":[{"href":"https:\/\/linitiative.ca\/International\/wp-json\/wp\/v2\/posts"}],"about":[{"href":"https:\/\/linitiative.ca\/International\/wp-json\/wp\/v2\/types\/post"}],"author":[{"embeddable":true,"href":"https:\/\/linitiative.ca\/International\/wp-json\/wp\/v2\/users\/1759"}],"replies":[{"embeddable":true,"href":"https:\/\/linitiative.ca\/International\/wp-json\/wp\/v2\/comments?post=137551"}],"version-history":[{"count":0,"href":"https:\/\/linitiative.ca\/International\/wp-json\/wp\/v2\/posts\/137551\/revisions"}],"wp:attachment":[{"href":"https:\/\/linitiative.ca\/International\/wp-json\/wp\/v2\/media?parent=137551"}],"wp:term":[{"taxonomy":"category","embeddable":true,"href":"https:\/\/linitiative.ca\/International\/wp-json\/wp\/v2\/categories?post=137551"},{"taxonomy":"post_tag","embeddable":true,"href":"https:\/\/linitiative.ca\/International\/wp-json\/wp\/v2\/tags?post=137551"}],"curies":[{"name":"wp","href":"https:\/\/api.w.org\/{rel}","templated":true}]}}