{"id":137555,"date":"2022-01-03T09:00:54","date_gmt":"2022-01-03T14:00:54","guid":{"rendered":"https:\/\/linitiative.ca\/International\/cest-parti-pour-le-projet-de-la-zone-logistique-west-africa-a-dakhla\/"},"modified":"2022-01-03T09:00:54","modified_gmt":"2022-01-03T14:00:54","slug":"cest-parti-pour-le-projet-de-la-zone-logistique-west-africa-a-dakhla","status":"publish","type":"post","link":"https:\/\/linitiative.ca\/International\/cest-parti-pour-le-projet-de-la-zone-logistique-west-africa-a-dakhla\/","title":{"rendered":"C\u2019est parti pour le projet de la zone logistique West Africa \u00e0 Dakhla"},"content":{"rendered":"<div>\n<p><img loading=\"lazy\" decoding=\"async\" width=\"300\" height=\"153\" src=\"https:\/\/linitiative.ca\/International\/wp-content\/uploads\/sites\/23\/2022\/01\/Dakhla-300x153-1.jpg\" class=\"attachment-medium size-medium wp-post-image\" alt=\"\" srcset=\"https:\/\/linitiative.ca\/International\/wp-content\/uploads\/sites\/23\/2022\/01\/Dakhla-300x153-1.jpg 300w, https:\/\/aujourdhui.ma\/wp-content\/uploads\/2021\/11\/Dakhla-274x140.jpg 274w, https:\/\/aujourdhui.ma\/wp-content\/uploads\/2021\/11\/Dakhla.jpg 746w, https:\/\/aujourdhui.ma\/wp-content\/uploads\/2021\/11\/Dakhla-165x84.jpg 165w, https:\/\/aujourdhui.ma\/wp-content\/uploads\/2021\/11\/Dakhla-702x358.jpg 702w\" sizes=\"auto, (max-width: 300px) 100vw, 300px\"><\/p>\n<p><span style=\"font-size: 20px; color: #800000;\"><strong>Elle s\u2019\u00e9tale sur 45 ha<\/strong> <\/span><span id=\"more-396580\"><\/span><\/p>\n<p>La r\u00e9gion de Dakhla-Oued Eddahab lance officiellement le projet de la zone logistique West Africa et qui sera une v\u00e9ritable plateforme de commerce international offrant de nouveaux horizons de comp\u00e9titivit\u00e9 logistique aux op\u00e9rateurs.<\/p>\n<p>Le Conseil de la r\u00e9gion de Dakhla-Oued Eddahab a lanc\u00e9 derni\u00e8rement un appel d\u2019offres pour la r\u00e9alisation des \u00e9tudes urbanistiques du projet d\u2019am\u00e9nagement (lotissement) de la zone logistique West Africa et qui s\u2019\u00e9tendra sur 45 ha. L\u2019ouverture des plis est pr\u00e9vue pour le 26 janvier prochain alors que le co\u00fbt des travaux estim\u00e9 par le ma\u00eetre d\u2019ouvrage est de l\u2019ordre de 150 millions DH.<br \/>\nSelon ce dernier, l\u2019am\u00e9lioration de la comp\u00e9titivit\u00e9 logistique est un r\u00e9el levier de d\u00e9veloppement territorial pour les r\u00e9gions. Une logistique performante constitue un facteur cl\u00e9 de l\u2019attractivit\u00e9 des territoires et permet d\u2019accompagner et de catalyser leurs dynamiques \u00e9conomiques. Cette performance logistique passe imp\u00e9rativement par la mise en place d\u2019infrastructures et d\u2019installations logistiques optimales r\u00e9pondant aux besoins r\u00e9els des op\u00e9rateurs \u00e9conomiques.<\/p>\n<p>Afin de pouvoir actionner ce levier, un sch\u00e9ma directeur de zones logistiques a \u00e9t\u00e9 d\u00e9fini pour chacune des r\u00e9gions du Royaume, en l\u2019occurrence celle de Dakhla-Oued Eddahab qui comporte deux zones logistiques r\u00e9gionales. Chacune d\u2019elles devrait jouer un r\u00f4le particulier dans la structuration de la logistique dans ladite r\u00e9gion.<br \/>\nLes \u00e9tudes de march\u00e9 et de faisabilit\u00e9 r\u00e9alis\u00e9es par le Conseil r\u00e9gional en concertation avec l\u2019ensemble des acteurs concern\u00e9s ont abouti \u00e0 la d\u00e9finition de la zone logistique West Africa et ce afin de r\u00e9pondre aux besoins identifi\u00e9s et garantir une offre de services et d\u2019immobilier logistique modernes et comp\u00e9titifs.<\/p>\n<p>Ainsi, il sera proc\u00e9d\u00e9 \u00e0 la r\u00e9alisation d\u2019une \u00e9tude pour approfondir l\u2019aspect architectural en vue de d\u00e9velopper par la suite un dossier technique qui permettra \u00e0 l\u2019am\u00e9nageur d\u2019entamer les prochaines \u00e9tapes de ce projet. Le site choisi pour accueillir cette nouvelle structure \u00e9conomique se situe dans la Zone industrialo-logistique (ZIL) associ\u00e9e au port de Dakhla Atlantique, localis\u00e9e au sein de la commune rurale d\u2019El Argoub, en devanture sur la route nationale RN1. Le site de la zone logistique fait partie du domaine priv\u00e9 de l\u2019Etat.<\/p>\n<p>Ce projet vise \u00e0 construire une zone de commerce international afin d\u2019offrir de nouveaux horizons de comp\u00e9titivit\u00e9 logistique aux op\u00e9rateurs \u00e9conomiques. La zone a pour but de massifier les flux \u00e0 destination du continent africain (de l\u2019Afrique subsaharienne en particulier), cr\u00e9er un service de logistique \u00e0 l\u2019\u00e9chelle mondiale et une compl\u00e9mentarit\u00e9 avec les zones de commerce internationales existantes d\u00e9j\u00e0 en Afrique, et permettra au Maroc de se positionner au c\u0153ur des \u00e9changes commerciaux entre l\u2019Afrique de l\u2019Ouest, l\u2019Europe et la Chine.<\/p>\n<p>Il mettra \u00e9galement \u00e0 la disposition des entreprises des espaces de stockage de marchandises de grandes capacit\u00e9s (hangars, yards tr\u00e8s larges, etc.).<br \/>\nPour rappel, cette r\u00e9gion sera \u00e9galement dot\u00e9e \u00e0 Bir Gandouz et \u00e0 El Guerguarat, deux zones de distribution et de commerce, de 30 ha chacune, ayant n\u00e9cessit\u00e9 un investissement de 160 millions DH. Ces deux projets n\u00e9cessiteront un investissement de 160 millions DH (80 millions DH par projet) pour une dur\u00e9e des travaux de 18 mois.<\/p>\n<\/div>\n<p>Auteur: Mohamed Laabid<br \/>\n<a href=\"https:\/\/aujourdhui.ma\/economie\/cest-parti-pour-le-projet-de-la-zone-logistique-west-africa-a-dakhla\">Cliquez ici pour lire l&rsquo;article depuis sa source.<\/a><\/p>\n","protected":false},"excerpt":{"rendered":"<p>Elle s\u2019\u00e9tale sur 45 ha La r\u00e9gion de Dakhla-Oued Eddahab lance officiellement le projet de la zone logistique West Africa et qui sera une v\u00e9ritable plateforme de commerce international offrant de nouveaux horizons de comp\u00e9titivit\u00e9 logistique aux op\u00e9rateurs. Le Conseil de la r\u00e9gion de Dakhla-Oued Eddahab a lanc\u00e9 derni\u00e8rement un appel d\u2019offres pour la r\u00e9alisation [&hellip;]<\/p>\n","protected":false},"author":1759,"featured_media":0,"comment_status":"closed","ping_status":"closed","sticky":false,"template":"","format":"standard","meta":{"fifu_image_url":"https:\/\/aujourdhui.ma\/wp-content\/uploads\/2021\/11\/Dakhla-300x153.jpg","fifu_image_alt":"C\u2019est parti pour le projet de la zone logistique West Africa \u00e0 Dakhla","footnotes":""},"categories":[73,54],"tags":[],"class_list":["post-137555","post","type-post","status-publish","format-standard","hentry","category-actualite","category-maroc"],"_links":{"self":[{"href":"https:\/\/linitiative.ca\/International\/wp-json\/wp\/v2\/posts\/137555","targetHints":{"allow":["GET"]}}],"collection":[{"href":"https:\/\/linitiative.ca\/International\/wp-json\/wp\/v2\/posts"}],"about":[{"href":"https:\/\/linitiative.ca\/International\/wp-json\/wp\/v2\/types\/post"}],"author":[{"embeddable":true,"href":"https:\/\/linitiative.ca\/International\/wp-json\/wp\/v2\/users\/1759"}],"replies":[{"embeddable":true,"href":"https:\/\/linitiative.ca\/International\/wp-json\/wp\/v2\/comments?post=137555"}],"version-history":[{"count":0,"href":"https:\/\/linitiative.ca\/International\/wp-json\/wp\/v2\/posts\/137555\/revisions"}],"wp:attachment":[{"href":"https:\/\/linitiative.ca\/International\/wp-json\/wp\/v2\/media?parent=137555"}],"wp:term":[{"taxonomy":"category","embeddable":true,"href":"https:\/\/linitiative.ca\/International\/wp-json\/wp\/v2\/categories?post=137555"},{"taxonomy":"post_tag","embeddable":true,"href":"https:\/\/linitiative.ca\/International\/wp-json\/wp\/v2\/tags?post=137555"}],"curies":[{"name":"wp","href":"https:\/\/api.w.org\/{rel}","templated":true}]}}