{"id":137565,"date":"2022-01-03T06:00:00","date_gmt":"2022-01-03T11:00:00","guid":{"rendered":"https:\/\/linitiative.ca\/International\/le-senat-crie-au-complot\/"},"modified":"2022-01-03T06:00:00","modified_gmt":"2022-01-03T11:00:00","slug":"le-senat-crie-au-complot","status":"publish","type":"post","link":"https:\/\/linitiative.ca\/International\/le-senat-crie-au-complot\/","title":{"rendered":"Le S\u00e9nat crie au \u201ccomplot\u201d"},"content":{"rendered":"<div>Dans une sortie m\u00e9diatique inhabituelle par son ton, le Conseil de la nation a sorti, hier, l\u2019artillerie lourde pour d\u00e9fendre \u201cla d\u00e9marche du pr\u00e9sident de la R\u00e9publique\u201d contre des \u201cparties\u201d qu\u2019il n\u2019a pas nomm\u00e9es.<\/div>\n<p>Auteur:<br \/>\n<a href=\"https:\/\/www.liberte-algerie.com\/actualite\/le-senat-crie-au-complot-370944\">Cliquez ici pour lire l&rsquo;article depuis sa source.<\/a><\/p>\n","protected":false},"excerpt":{"rendered":"<p>Dans une sortie m\u00e9diatique inhabituelle par son ton, le Conseil de la nation a sorti, hier, l\u2019artillerie lourde pour d\u00e9fendre \u201cla d\u00e9marche du pr\u00e9sident de la R\u00e9publique\u201d contre des \u201cparties\u201d qu\u2019il n\u2019a pas nomm\u00e9es. Auteur: Cliquez ici pour lire l&rsquo;article depuis sa source.<\/p>\n","protected":false},"author":1742,"featured_media":0,"comment_status":"closed","ping_status":"closed","sticky":false,"template":"","format":"standard","meta":{"fifu_image_url":"","fifu_image_alt":"","footnotes":""},"categories":[73,53],"tags":[],"class_list":["post-137565","post","type-post","status-publish","format-standard","hentry","category-actualite","category-algerie"],"_links":{"self":[{"href":"https:\/\/linitiative.ca\/International\/wp-json\/wp\/v2\/posts\/137565","targetHints":{"allow":["GET"]}}],"collection":[{"href":"https:\/\/linitiative.ca\/International\/wp-json\/wp\/v2\/posts"}],"about":[{"href":"https:\/\/linitiative.ca\/International\/wp-json\/wp\/v2\/types\/post"}],"author":[{"embeddable":true,"href":"https:\/\/linitiative.ca\/International\/wp-json\/wp\/v2\/users\/1742"}],"replies":[{"embeddable":true,"href":"https:\/\/linitiative.ca\/International\/wp-json\/wp\/v2\/comments?post=137565"}],"version-history":[{"count":0,"href":"https:\/\/linitiative.ca\/International\/wp-json\/wp\/v2\/posts\/137565\/revisions"}],"wp:attachment":[{"href":"https:\/\/linitiative.ca\/International\/wp-json\/wp\/v2\/media?parent=137565"}],"wp:term":[{"taxonomy":"category","embeddable":true,"href":"https:\/\/linitiative.ca\/International\/wp-json\/wp\/v2\/categories?post=137565"},{"taxonomy":"post_tag","embeddable":true,"href":"https:\/\/linitiative.ca\/International\/wp-json\/wp\/v2\/tags?post=137565"}],"curies":[{"name":"wp","href":"https:\/\/api.w.org\/{rel}","templated":true}]}}