{"id":137566,"date":"2022-01-03T06:44:00","date_gmt":"2022-01-03T11:44:00","guid":{"rendered":"https:\/\/linitiative.ca\/International\/perturbation-des-vols-dair-algerie-a-cause-des-conditions-meteorologiques\/"},"modified":"2022-01-03T06:44:00","modified_gmt":"2022-01-03T11:44:00","slug":"perturbation-des-vols-dair-algerie-a-cause-des-conditions-meteorologiques","status":"publish","type":"post","link":"https:\/\/linitiative.ca\/International\/perturbation-des-vols-dair-algerie-a-cause-des-conditions-meteorologiques\/","title":{"rendered":"Perturbation des vols d&rsquo;Air Alg\u00e9rie \u00e0 cause des conditions m\u00e9t\u00e9orologiques"},"content":{"rendered":"<div>\u00ab\u00a0En raison d&rsquo;une visibilit\u00e9 nulle, due \u00e0 des conditions m\u00e9t\u00e9orologiques d\u00e9favorables (brouillard givrant), l&rsquo;ensemble des vols d&rsquo;Air Alg\u00e9rie sont touch\u00e9s par des perturbations\u00a0\u00bb<\/div>\n<p>Auteur:<br \/>\n<a href=\"https:\/\/www.liberte-algerie.com\/actualite\/perturbation-des-vols-dair-algerie-a-cause-des-conditions-meteorologiques-370952\">Cliquez ici pour lire l&rsquo;article depuis sa source.<\/a><\/p>\n","protected":false},"excerpt":{"rendered":"<p>\u00ab\u00a0En raison d&rsquo;une visibilit\u00e9 nulle, due \u00e0 des conditions m\u00e9t\u00e9orologiques d\u00e9favorables (brouillard givrant), l&rsquo;ensemble des vols d&rsquo;Air Alg\u00e9rie sont touch\u00e9s par des perturbations\u00a0\u00bb Auteur: Cliquez ici pour lire l&rsquo;article depuis sa source.<\/p>\n","protected":false},"author":1742,"featured_media":0,"comment_status":"closed","ping_status":"closed","sticky":false,"template":"","format":"standard","meta":{"fifu_image_url":"","fifu_image_alt":"","footnotes":""},"categories":[73,53],"tags":[],"class_list":["post-137566","post","type-post","status-publish","format-standard","hentry","category-actualite","category-algerie"],"_links":{"self":[{"href":"https:\/\/linitiative.ca\/International\/wp-json\/wp\/v2\/posts\/137566","targetHints":{"allow":["GET"]}}],"collection":[{"href":"https:\/\/linitiative.ca\/International\/wp-json\/wp\/v2\/posts"}],"about":[{"href":"https:\/\/linitiative.ca\/International\/wp-json\/wp\/v2\/types\/post"}],"author":[{"embeddable":true,"href":"https:\/\/linitiative.ca\/International\/wp-json\/wp\/v2\/users\/1742"}],"replies":[{"embeddable":true,"href":"https:\/\/linitiative.ca\/International\/wp-json\/wp\/v2\/comments?post=137566"}],"version-history":[{"count":0,"href":"https:\/\/linitiative.ca\/International\/wp-json\/wp\/v2\/posts\/137566\/revisions"}],"wp:attachment":[{"href":"https:\/\/linitiative.ca\/International\/wp-json\/wp\/v2\/media?parent=137566"}],"wp:term":[{"taxonomy":"category","embeddable":true,"href":"https:\/\/linitiative.ca\/International\/wp-json\/wp\/v2\/categories?post=137566"},{"taxonomy":"post_tag","embeddable":true,"href":"https:\/\/linitiative.ca\/International\/wp-json\/wp\/v2\/tags?post=137566"}],"curies":[{"name":"wp","href":"https:\/\/api.w.org\/{rel}","templated":true}]}}