{"id":137572,"date":"2022-01-03T13:40:13","date_gmt":"2022-01-03T18:40:13","guid":{"rendered":"https:\/\/linitiative.ca\/International\/prix-de-vente-au-detail-des-legumes-au-niveau-de-la-region-marrakech-safi\/"},"modified":"2022-01-03T13:40:13","modified_gmt":"2022-01-03T18:40:13","slug":"prix-de-vente-au-detail-des-legumes-au-niveau-de-la-region-marrakech-safi","status":"publish","type":"post","link":"https:\/\/linitiative.ca\/International\/prix-de-vente-au-detail-des-legumes-au-niveau-de-la-region-marrakech-safi\/","title":{"rendered":"Prix de vente au d\u00e9tail des l\u00e9gumes au niveau de la R\u00e9gion Marrakech-Safi"},"content":{"rendered":"<div>\n<div style=\"margin-bottom:20px;\"><img loading=\"lazy\" decoding=\"async\" width=\"750\" height=\"430\" src=\"https:\/\/linitiative.ca\/International\/wp-content\/uploads\/sites\/23\/2022\/01\/fruits-et-lC3A9gumes.jpg\" class=\"attachment-post-thumbnail size-post-thumbnail wp-post-image\" alt=\"\" srcset=\"https:\/\/linitiative.ca\/International\/wp-content\/uploads\/sites\/23\/2022\/01\/fruits-et-lC3A9gumes.jpg 750w, https:\/\/www.mapmarrakech.ma\/map\/uploads\/2022\/01\/fruits-et-l\u00e9gumes-300x172.jpg 300w\" sizes=\"auto, (max-width: 750px) 100vw, 750px\"><\/div>\n<p>Pomme de terre : entre 4.50 et 5 DH\/KG<\/p>\n<p>Oignon: entre 4.50 et 6 DH\/KG<\/p>\n<p>Tomate: entre 6 et 7 DH\/KG<\/p>\n<p>Poivron: entre 7 et 8 DH\/KG<\/p>\n<p>Carotte: entre 6 et 7 DH\/KG<\/p>\n<p>Aubergine: entre 6 et 7 DH\/KG<\/p>\n<p>Concombre: entre 6 et 7 DH\/KG<\/p>\n<p>Courgette : entre 7.50 et 9 DH\/KG<\/p>\n<p>Chou-fleur: entre 6 et 7 DH\/pi\u00e9ce<\/p>\n<p>Haricot: entre 10 et 13 DH\/KG<\/p>\n<p>Navet : entre 7 et 8 DH\/KG<\/p>\n<p>Courge : entre 7 et 8 DH\/KG<\/p>\n<p>Choux : entre 6 et 7.50 DH\/Pi\u00e9ce<\/p>\n<p>The post <a rel=\"nofollow\" href=\"https:\/\/www.mapmarrakech.ma\/fr\/prix-de-vente-au-detail-des-legumes-au-niveau-de-la-region-marrakech-safi\/\">Prix de vente au d\u00e9tail des l\u00e9gumes au niveau de la R\u00e9gion Marrakech-Safi<\/a> appeared first on <a rel=\"nofollow\" href=\"https:\/\/www.mapmarrakech.ma\/fr\">MapMarrakech<\/a>.<\/p>\n<\/div>\n<p>Auteur: Meriem IGASS<br \/>\n<a href=\"https:\/\/www.mapmarrakech.ma\/fr\/prix-de-vente-au-detail-des-legumes-au-niveau-de-la-region-marrakech-safi\/\">Cliquez ici pour lire l&rsquo;article depuis sa source.<\/a><\/p>\n","protected":false},"excerpt":{"rendered":"<p>Pomme de terre : entre 4.50 et 5 DH\/KG Oignon: entre 4.50 et 6 DH\/KG Tomate: entre 6 et 7 DH\/KG Poivron: entre 7 et 8 DH\/KG Carotte: entre 6 et 7 DH\/KG Aubergine: entre 6 et 7 DH\/KG Concombre: entre 6 et 7 DH\/KG Courgette : entre 7.50 et 9 DH\/KG Chou-fleur: entre 6 [&hellip;]<\/p>\n","protected":false},"author":1788,"featured_media":0,"comment_status":"closed","ping_status":"closed","sticky":false,"template":"","format":"standard","meta":{"fifu_image_url":"https:\/\/www.mapmarrakech.ma\/map\/uploads\/2022\/01\/fruits-et-l\u00e9gumes.jpg","fifu_image_alt":"Prix de vente au d\u00e9tail des l\u00e9gumes au niveau de la R\u00e9gion Marrakech-Safi","footnotes":""},"categories":[54,76],"tags":[],"class_list":["post-137572","post","type-post","status-publish","format-standard","hentry","category-maroc","category-regions"],"_links":{"self":[{"href":"https:\/\/linitiative.ca\/International\/wp-json\/wp\/v2\/posts\/137572","targetHints":{"allow":["GET"]}}],"collection":[{"href":"https:\/\/linitiative.ca\/International\/wp-json\/wp\/v2\/posts"}],"about":[{"href":"https:\/\/linitiative.ca\/International\/wp-json\/wp\/v2\/types\/post"}],"author":[{"embeddable":true,"href":"https:\/\/linitiative.ca\/International\/wp-json\/wp\/v2\/users\/1788"}],"replies":[{"embeddable":true,"href":"https:\/\/linitiative.ca\/International\/wp-json\/wp\/v2\/comments?post=137572"}],"version-history":[{"count":0,"href":"https:\/\/linitiative.ca\/International\/wp-json\/wp\/v2\/posts\/137572\/revisions"}],"wp:attachment":[{"href":"https:\/\/linitiative.ca\/International\/wp-json\/wp\/v2\/media?parent=137572"}],"wp:term":[{"taxonomy":"category","embeddable":true,"href":"https:\/\/linitiative.ca\/International\/wp-json\/wp\/v2\/categories?post=137572"},{"taxonomy":"post_tag","embeddable":true,"href":"https:\/\/linitiative.ca\/International\/wp-json\/wp\/v2\/tags?post=137572"}],"curies":[{"name":"wp","href":"https:\/\/api.w.org\/{rel}","templated":true}]}}