{"id":137576,"date":"2022-01-03T13:54:36","date_gmt":"2022-01-03T18:54:36","guid":{"rendered":"https:\/\/linitiative.ca\/International\/885-cas-pres-de-31-millions-de-personnes-ont-recu-trois-doses-du-vaccin\/"},"modified":"2022-01-03T13:54:36","modified_gmt":"2022-01-03T18:54:36","slug":"885-cas-pres-de-31-millions-de-personnes-ont-recu-trois-doses-du-vaccin","status":"publish","type":"post","link":"https:\/\/linitiative.ca\/International\/885-cas-pres-de-31-millions-de-personnes-ont-recu-trois-doses-du-vaccin\/","title":{"rendered":"885 cas, pr\u00e8s de 3,1 millions de personnes ont re\u00e7u trois doses du vaccin"},"content":{"rendered":"<div>\n<div style=\"margin-bottom:20px;\"><img loading=\"lazy\" decoding=\"async\" width=\"750\" height=\"430\" src=\"https:\/\/linitiative.ca\/International\/wp-content\/uploads\/sites\/23\/2022\/01\/cov-fr-2.jpg\" class=\"attachment-post-thumbnail size-post-thumbnail wp-post-image\" alt=\"\" srcset=\"https:\/\/linitiative.ca\/International\/wp-content\/uploads\/sites\/23\/2022\/01\/cov-fr-2.jpg 750w, https:\/\/www.mapmarrakech.ma\/map\/uploads\/2022\/01\/cov-fr-2-300x172.jpg 300w\" sizes=\"auto, (max-width: 750px) 100vw, 750px\"><\/div>\n<p>Dans son bulletin quotidien sur la situation \u00e9pid\u00e9miologique, le minist\u00e8re a relev\u00e9 que le nombre de primo-vaccin\u00e9s a atteint 24.567.233, celui des personnes ayant re\u00e7u deux doses s\u2019\u00e9l\u00e8ve \u00e0 22.941.678, alors que 3.095.736 personnes ont eu trois injections.<\/p>\n<p>Le nouveau bilan d\u2019infections porte \u00e0 967.662 le nombre total des contaminations depuis le premier cas signal\u00e9 au Maroc en mars 2020, tandis que le nombre des personnes r\u00e9tablies est pass\u00e9 \u00e0 941.923, soit un taux de gu\u00e9rison de 97,3%.<\/p>\n<p>Les nouveaux cas ont \u00e9t\u00e9 enregistr\u00e9s dans les r\u00e9gions de Casablanca-Settat (400), Rabat-Sal\u00e9-K\u00e9nitra (256), Marrakech-Safi (139), Souss-Massa (38), B\u00e9ni Mellal-Kh\u00e9nifra (16), Tanger-T\u00e9touan-Al Hoceima (12), F\u00e8s-Mekn\u00e8s (9), Dakhla-Oued Eddahab (7), l\u2019Oriental (6) et La\u00e2youne-Sakia El Hamra (2).<\/p>\n<p>Le nombre total des d\u00e9c\u00e8s est pass\u00e9 \u00e0 14.862 (l\u00e9talit\u00e9 1,5%), avec 7 nouveaux cas enregistr\u00e9s dans les r\u00e9gions de Casablanca-Settat (4) et Rabat-Sal\u00e9-K\u00e9nitra (3).<\/p>\n<p>Les cas actifs sont au nombre de 10.877 et 35 nouveaux cas s\u00e9v\u00e8res ou critiques ont \u00e9t\u00e9 enregistr\u00e9s en 24 heures pour un total de 166, dont 6 sous intubation. Quant au taux d\u2019occupation des lits de r\u00e9animation, il se situe \u00e0 3,2%.<\/p>\n<p>The post <a rel=\"nofollow\" href=\"https:\/\/www.mapmarrakech.ma\/fr\/885-cas-pres-de-31-millions-de-personnes-ont-recu-trois-doses-du-vaccin\/\">885 cas, pr\u00e8s de 3,1 millions de personnes ont re\u00e7u trois doses du vaccin<\/a> appeared first on <a rel=\"nofollow\" href=\"https:\/\/www.mapmarrakech.ma\/fr\">MapMarrakech<\/a>.<\/p>\n<\/div>\n<p>Auteur: Meriem IGASS<br \/>\n<a href=\"https:\/\/www.mapmarrakech.ma\/fr\/885-cas-pres-de-31-millions-de-personnes-ont-recu-trois-doses-du-vaccin\/\">Cliquez ici pour lire l&rsquo;article depuis sa source.<\/a><\/p>\n","protected":false},"excerpt":{"rendered":"<p>Dans son bulletin quotidien sur la situation \u00e9pid\u00e9miologique, le minist\u00e8re a relev\u00e9 que le nombre de primo-vaccin\u00e9s a atteint 24.567.233, celui des personnes ayant re\u00e7u deux doses s\u2019\u00e9l\u00e8ve \u00e0 22.941.678, alors que 3.095.736 personnes ont eu trois injections. Le nouveau bilan d\u2019infections porte \u00e0 967.662 le nombre total des contaminations depuis le premier cas signal\u00e9 [&hellip;]<\/p>\n","protected":false},"author":1788,"featured_media":0,"comment_status":"closed","ping_status":"closed","sticky":false,"template":"","format":"standard","meta":{"fifu_image_url":"https:\/\/www.mapmarrakech.ma\/map\/uploads\/2022\/01\/cov-fr-2.jpg","fifu_image_alt":"885 cas, pr\u00e8s de 3,1 millions de personnes ont re\u00e7u trois doses du vaccin","footnotes":""},"categories":[54,76],"tags":[],"class_list":["post-137576","post","type-post","status-publish","format-standard","hentry","category-maroc","category-regions"],"_links":{"self":[{"href":"https:\/\/linitiative.ca\/International\/wp-json\/wp\/v2\/posts\/137576","targetHints":{"allow":["GET"]}}],"collection":[{"href":"https:\/\/linitiative.ca\/International\/wp-json\/wp\/v2\/posts"}],"about":[{"href":"https:\/\/linitiative.ca\/International\/wp-json\/wp\/v2\/types\/post"}],"author":[{"embeddable":true,"href":"https:\/\/linitiative.ca\/International\/wp-json\/wp\/v2\/users\/1788"}],"replies":[{"embeddable":true,"href":"https:\/\/linitiative.ca\/International\/wp-json\/wp\/v2\/comments?post=137576"}],"version-history":[{"count":0,"href":"https:\/\/linitiative.ca\/International\/wp-json\/wp\/v2\/posts\/137576\/revisions"}],"wp:attachment":[{"href":"https:\/\/linitiative.ca\/International\/wp-json\/wp\/v2\/media?parent=137576"}],"wp:term":[{"taxonomy":"category","embeddable":true,"href":"https:\/\/linitiative.ca\/International\/wp-json\/wp\/v2\/categories?post=137576"},{"taxonomy":"post_tag","embeddable":true,"href":"https:\/\/linitiative.ca\/International\/wp-json\/wp\/v2\/tags?post=137576"}],"curies":[{"name":"wp","href":"https:\/\/api.w.org\/{rel}","templated":true}]}}