{"id":137578,"date":"2022-01-03T14:15:50","date_gmt":"2022-01-03T19:15:50","guid":{"rendered":"https:\/\/linitiative.ca\/International\/le-1er-joumada-ii-de-lan-1443-de-lhegire-correspondra-au-mardi-04-janvier-2022\/"},"modified":"2022-01-03T14:15:50","modified_gmt":"2022-01-03T19:15:50","slug":"le-1er-joumada-ii-de-lan-1443-de-lhegire-correspondra-au-mardi-04-janvier-2022","status":"publish","type":"post","link":"https:\/\/linitiative.ca\/International\/le-1er-joumada-ii-de-lan-1443-de-lhegire-correspondra-au-mardi-04-janvier-2022\/","title":{"rendered":"Le 1er Joumada II de l\u2019an 1443 de l\u2019H\u00e9gire correspondra au mardi 04 janvier 2022"},"content":{"rendered":"<div>\n<div style=\"margin-bottom:20px;\"><img loading=\"lazy\" decoding=\"async\" width=\"750\" height=\"430\" src=\"https:\/\/linitiative.ca\/International\/wp-content\/uploads\/sites\/23\/2022\/01\/ministere-des-habous.jpg\" class=\"attachment-post-thumbnail size-post-thumbnail wp-post-image\" alt=\"\" srcset=\"https:\/\/linitiative.ca\/International\/wp-content\/uploads\/sites\/23\/2022\/01\/ministere-des-habous.jpg 750w, https:\/\/www.mapmarrakech.ma\/map\/uploads\/2021\/09\/ministere-des-habous-300x172.jpg 300w\" sizes=\"auto, (max-width: 750px) 100vw, 750px\"><\/div>\n<p>Dans un communiqu\u00e9, le minist\u00e8re a indiqu\u00e9 avoir observ\u00e9 le croissant lunaire annon\u00e7ant le d\u00e9but du mois de Joumada II apr\u00e8s la pri\u00e8re d\u2019Al Maghrib du lundi 29 Joumada I 1443 de l\u2019H\u00e9gire, correspondant au 03 janvier 2022, notant que de ce fait le 1er Joumada II de l\u2019an 1443 H correspondra au mardi 04 janvier 2022.<\/p>\n<p>\u00ab\u00a0Puisse Dieu, en ce mois b\u00e9ni, combler Sa Majest\u00e9 le Roi Mohammed VI, Amir Al Mouminine, protecteur de la Nation et de la religion, que Dieu L\u2019assiste, de Sa b\u00e9n\u00e9diction, de Ses faveurs et de Ses bienfaits, ainsi que SAR le Prince H\u00e9ritier Moulay El Hassan et l\u2019ensemble des membres de l\u2019illustre famille Royale, et pour le peuple marocain et l\u2019ensemble de la Oumma islamique dans le progr\u00e8s, la prosp\u00e9rit\u00e9, la paix et la qui\u00e9tude\u00a0\u00bb, conclut le minist\u00e8re.<\/p>\n<p>The post <a rel=\"nofollow\" href=\"https:\/\/www.mapmarrakech.ma\/fr\/le-1er-joumada-ii-de-lan-1443-de-lhegire-correspondra-au-mardi-04-janvier-2022\/\">Le 1er Joumada II de l\u2019an 1443 de l\u2019H\u00e9gire correspondra au mardi 04 janvier 2022<\/a> appeared first on <a rel=\"nofollow\" href=\"https:\/\/www.mapmarrakech.ma\/fr\">MapMarrakech<\/a>.<\/p>\n<\/div>\n<p>Auteur: Meriem IGASS<br \/>\n<a href=\"https:\/\/www.mapmarrakech.ma\/fr\/le-1er-joumada-ii-de-lan-1443-de-lhegire-correspondra-au-mardi-04-janvier-2022\/\">Cliquez ici pour lire l&rsquo;article depuis sa source.<\/a><\/p>\n","protected":false},"excerpt":{"rendered":"<p>Dans un communiqu\u00e9, le minist\u00e8re a indiqu\u00e9 avoir observ\u00e9 le croissant lunaire annon\u00e7ant le d\u00e9but du mois de Joumada II apr\u00e8s la pri\u00e8re d\u2019Al Maghrib du lundi 29 Joumada I 1443 de l\u2019H\u00e9gire, correspondant au 03 janvier 2022, notant que de ce fait le 1er Joumada II de l\u2019an 1443 H correspondra au mardi 04 [&hellip;]<\/p>\n","protected":false},"author":1788,"featured_media":0,"comment_status":"closed","ping_status":"closed","sticky":false,"template":"","format":"standard","meta":{"fifu_image_url":"https:\/\/www.mapmarrakech.ma\/map\/uploads\/2021\/09\/ministere-des-habous.jpg","fifu_image_alt":"Le 1er Joumada II de l\u2019an 1443 de l\u2019H\u00e9gire correspondra au mardi 04 janvier 2022","footnotes":""},"categories":[54,76],"tags":[],"class_list":["post-137578","post","type-post","status-publish","format-standard","hentry","category-maroc","category-regions"],"_links":{"self":[{"href":"https:\/\/linitiative.ca\/International\/wp-json\/wp\/v2\/posts\/137578","targetHints":{"allow":["GET"]}}],"collection":[{"href":"https:\/\/linitiative.ca\/International\/wp-json\/wp\/v2\/posts"}],"about":[{"href":"https:\/\/linitiative.ca\/International\/wp-json\/wp\/v2\/types\/post"}],"author":[{"embeddable":true,"href":"https:\/\/linitiative.ca\/International\/wp-json\/wp\/v2\/users\/1788"}],"replies":[{"embeddable":true,"href":"https:\/\/linitiative.ca\/International\/wp-json\/wp\/v2\/comments?post=137578"}],"version-history":[{"count":0,"href":"https:\/\/linitiative.ca\/International\/wp-json\/wp\/v2\/posts\/137578\/revisions"}],"wp:attachment":[{"href":"https:\/\/linitiative.ca\/International\/wp-json\/wp\/v2\/media?parent=137578"}],"wp:term":[{"taxonomy":"category","embeddable":true,"href":"https:\/\/linitiative.ca\/International\/wp-json\/wp\/v2\/categories?post=137578"},{"taxonomy":"post_tag","embeddable":true,"href":"https:\/\/linitiative.ca\/International\/wp-json\/wp\/v2\/tags?post=137578"}],"curies":[{"name":"wp","href":"https:\/\/api.w.org\/{rel}","templated":true}]}}