{"id":137580,"date":"2022-01-03T08:56:58","date_gmt":"2022-01-03T13:56:58","guid":{"rendered":"https:\/\/linitiative.ca\/International\/oujda-stagnation-de-lipc-en-novembre-dernier\/"},"modified":"2022-01-03T08:56:58","modified_gmt":"2022-01-03T13:56:58","slug":"oujda-stagnation-de-lipc-en-novembre-dernier","status":"publish","type":"post","link":"https:\/\/linitiative.ca\/International\/oujda-stagnation-de-lipc-en-novembre-dernier\/","title":{"rendered":"Oujda : Stagnation de l\u2019IPC en novembre dernier"},"content":{"rendered":"<div>\n<div style=\"margin-bottom:20px;\"><img loading=\"lazy\" decoding=\"async\" width=\"750\" height=\"430\" src=\"https:\/\/linitiative.ca\/International\/wp-content\/uploads\/sites\/23\/2022\/01\/La-situation-des-marchC3A8s-au-Ramadan-M750C397430-MAP.jpg\" class=\"attachment-post-thumbnail size-post-thumbnail wp-post-image\" alt=\"\" srcset=\"https:\/\/linitiative.ca\/International\/wp-content\/uploads\/sites\/23\/2022\/01\/La-situation-des-marchC3A8s-au-Ramadan-M750C397430-MAP.jpg 750w, https:\/\/www.mapoujda.ma\/map\/uploads\/2021\/08\/La-situation-des-march\u00e8s-au-Ramadan-M750\u00d7430-MAP-300x172.jpg 300w\" sizes=\"auto, (max-width: 750px) 100vw, 750px\"><\/div>\n<p style=\"text-align: justify;\">L\u2019indice des prix \u00e0 la consommation (IPC) a connu, au cours du mois de novembre 2021 dans la ville d\u2019Oujda, une stagnation par rapport au mois pr\u00e9c\u00e9dent.<\/p>\n<p style=\"text-align: justify;\">Cette stagnation est le r\u00e9sultat de la baisse de 0,5% de l\u2019indice des prix des produits alimentaires et de l\u2019augmentation de 0,3% de l\u2019indice des prix des produits non alimentaires, indique une note de la direction r\u00e9gionale de l\u2019Oriental du Haut-commissariat au plan (HCP).<\/p>\n<p style=\"text-align: justify;\">Les hausses des prix des produits alimentaires observ\u00e9es entre les mois d\u2019octobre et novembre 2021 concernent principalement les \u00abHuiles et Graisses\u00bb avec 4,1%, les \u00abL\u00e9gumes\u00bb avec 2,9%, les \u00abEaux min\u00e9rales, Boissons Rafra\u00eechissantes, Jus de Fruits et de L\u00e9gumes\u00bb avec 2,3% et le \u00abLait, Fromage et \u0152ufs\u00bb avec 0,5%.<\/p>\n<p style=\"text-align: justify;\">En revanche, les prix ont diminu\u00e9 de 8,6% pour les \u00abPoissons et fruits de mer\u00bb, de 6,7% pour les \u00abFruits\u00bb, de 0,7% pour le \u00abPain et C\u00e9r\u00e9ales\u00bb, de 0,6 % pour le \u00abCaf\u00e9, Th\u00e9 et Cacao\u00bb et de 0,1 % pour les \u00abViandes\u00bb.<\/p>\n<p style=\"text-align: justify;\">Pour les produits non alimentaires, les prix ont augment\u00e9 pour les \u00abcarburants et lubrifiants pour v\u00e9hicules de tourisme\u00bb de 3,6%.<\/p>\n<p style=\"text-align: justify;\">Compar\u00e9 au m\u00eame mois de l\u2019ann\u00e9e pr\u00e9c\u00e9dente, l\u2019IPC a enregistr\u00e9 une hausse de 1,9% au cours du mois de novembre 2021, cons\u00e9quence de la hausse de l\u2019indice des produits alimentaires de 1,5% et de l\u2019indice des produits non alimentaires de 2,1%.<\/p>\n<p style=\"text-align: justify;\">La hausse des prix des produits alimentaires est due \u00e0 l\u2019augmentation des prix des \u00abProduits alimentaires et boissons non alcoolis\u00e9es\u00bb de 1,5% et des prix des \u00abBoissons alcoolis\u00e9es et tabac\u00bb de 2,3%. Pour les produits non alimentaires, les variations vont d\u2019une baisse de 0,8% pour les \u00abMeubles, articles de m\u00e9nages et entretien courant du foyer\u00bb \u00e0 une hausse de 9,2% pour le \u00abTransport\u00bb.<\/p>\n<p style=\"text-align: justify;\">Concernant les onze premiers mois de l\u2019ann\u00e9e 2021, l\u2019indice des prix \u00e0 la consommation a connu une hausse de 0,9% par rapport \u00e0 la m\u00eame p\u00e9riode de l\u2019ann\u00e9e pr\u00e9c\u00e9dente due \u00e0 une hausse de l\u2019indice des prix des produits alimentaires de 0,3% et de l\u2019indice des prix des produits non alimentaires de 1,3%.<\/p>\n<p style=\"text-align: justify;\">L\u2019IPC mesure l\u2019\u00e9volution relative des prix de vente au d\u00e9tail des produits de consommation courante de la population urbaine dans le temps et dans l\u2019espace. Il sert essentiellement \u00e0 mesurer le niveau g\u00e9n\u00e9ral de l\u2019inflation et suivre et analyser la conjoncture \u00e9conomique.<\/p>\n<p>L\u2019article <a rel=\"nofollow\" href=\"https:\/\/www.mapoujda.ma\/fr\/oujda-stagnation-de-lipc-en-novembre-dernier\/\">Oujda : Stagnation de l\u2019IPC en novembre dernier<\/a> est apparu en premier sur <a rel=\"nofollow\" href=\"https:\/\/www.mapoujda.ma\/fr\">MapOujda<\/a>.<\/p>\n<\/div>\n<p>Auteur: Ismail Bahhane<br \/>\n<a href=\"https:\/\/www.mapoujda.ma\/fr\/oujda-stagnation-de-lipc-en-novembre-dernier\/\">Cliquez ici pour lire l&rsquo;article depuis sa source.<\/a><\/p>\n","protected":false},"excerpt":{"rendered":"<p>L\u2019indice des prix \u00e0 la consommation (IPC) a connu, au cours du mois de novembre 2021 dans la ville d\u2019Oujda, une stagnation par rapport au mois pr\u00e9c\u00e9dent. Cette stagnation est le r\u00e9sultat de la baisse de 0,5% de l\u2019indice des prix des produits alimentaires et de l\u2019augmentation de 0,3% de l\u2019indice des prix des produits [&hellip;]<\/p>\n","protected":false},"author":1788,"featured_media":0,"comment_status":"closed","ping_status":"closed","sticky":false,"template":"","format":"standard","meta":{"fifu_image_url":"https:\/\/www.mapoujda.ma\/map\/uploads\/2021\/08\/La-situation-des-march\u00e8s-au-Ramadan-M750\u00d7430-MAP.jpg","fifu_image_alt":"Oujda : Stagnation de l\u2019IPC en novembre dernier","footnotes":""},"categories":[54,76],"tags":[],"class_list":["post-137580","post","type-post","status-publish","format-standard","hentry","category-maroc","category-regions"],"_links":{"self":[{"href":"https:\/\/linitiative.ca\/International\/wp-json\/wp\/v2\/posts\/137580","targetHints":{"allow":["GET"]}}],"collection":[{"href":"https:\/\/linitiative.ca\/International\/wp-json\/wp\/v2\/posts"}],"about":[{"href":"https:\/\/linitiative.ca\/International\/wp-json\/wp\/v2\/types\/post"}],"author":[{"embeddable":true,"href":"https:\/\/linitiative.ca\/International\/wp-json\/wp\/v2\/users\/1788"}],"replies":[{"embeddable":true,"href":"https:\/\/linitiative.ca\/International\/wp-json\/wp\/v2\/comments?post=137580"}],"version-history":[{"count":0,"href":"https:\/\/linitiative.ca\/International\/wp-json\/wp\/v2\/posts\/137580\/revisions"}],"wp:attachment":[{"href":"https:\/\/linitiative.ca\/International\/wp-json\/wp\/v2\/media?parent=137580"}],"wp:term":[{"taxonomy":"category","embeddable":true,"href":"https:\/\/linitiative.ca\/International\/wp-json\/wp\/v2\/categories?post=137580"},{"taxonomy":"post_tag","embeddable":true,"href":"https:\/\/linitiative.ca\/International\/wp-json\/wp\/v2\/tags?post=137580"}],"curies":[{"name":"wp","href":"https:\/\/api.w.org\/{rel}","templated":true}]}}