{"id":137583,"date":"2022-01-03T11:05:18","date_gmt":"2022-01-03T16:05:18","guid":{"rendered":"https:\/\/linitiative.ca\/International\/onee-mise-en-service-dun-poste-electrique-225-60-kv-a-agdz\/"},"modified":"2022-01-03T11:05:18","modified_gmt":"2022-01-03T16:05:18","slug":"onee-mise-en-service-dun-poste-electrique-225-60-kv-a-agdz","status":"publish","type":"post","link":"https:\/\/linitiative.ca\/International\/onee-mise-en-service-dun-poste-electrique-225-60-kv-a-agdz\/","title":{"rendered":"ONEE: Mise en service d&rsquo;un poste \u00e9lectrique 225\/60 kV \u00e0 Agdz"},"content":{"rendered":"<div>\n<div class=\"field field-name-body field-type-text-with-summary field-label-hidden\">\n<div class=\"field-items\">\n<div class=\"field-item even\" property=\"content:encoded\">\n<p class=\"rtejustify\">L&rsquo;Office National de l&rsquo;\u00c9lectricit\u00e9 et de l\u2019Eau Potable (ONEE) renforce son r\u00e9seau de transport d\u2019\u00e9lectricit\u00e9 dans la R\u00e9gion Dra\u00e2-Tafilalt en proc\u00e9dant, dans la soir\u00e9e du dimanche, \u00e0 la mise en service d&rsquo;un poste \u00e9lectrique 225\/60 kV \u00e0 Agdz.<\/p>\n<\/div>\n<\/div>\n<\/div>\n<\/div>\n<p>Auteur: mbasraoui<br \/>\n<a href=\"https:\/\/www.leconomiste.com\/flash-infos\/onee-mise-en-service-d-un-poste-electrique-225-60-kv-agdz\">Cliquez ici pour lire l&rsquo;article depuis sa source.<\/a><\/p>\n","protected":false},"excerpt":{"rendered":"<p>L&rsquo;Office National de l&rsquo;\u00c9lectricit\u00e9 et de l\u2019Eau Potable (ONEE) renforce son r\u00e9seau de transport d\u2019\u00e9lectricit\u00e9 dans la R\u00e9gion Dra\u00e2-Tafilalt en proc\u00e9dant, dans la soir\u00e9e du dimanche, \u00e0 la mise en service d&rsquo;un poste \u00e9lectrique 225\/60 kV \u00e0 Agdz. Auteur: mbasraoui Cliquez ici pour lire l&rsquo;article depuis sa source.<\/p>\n","protected":false},"author":1763,"featured_media":0,"comment_status":"closed","ping_status":"closed","sticky":false,"template":"","format":"standard","meta":{"fifu_image_url":"","fifu_image_alt":"","footnotes":""},"categories":[78,54],"tags":[],"class_list":["post-137583","post","type-post","status-publish","format-standard","hentry","category-economie","category-maroc"],"_links":{"self":[{"href":"https:\/\/linitiative.ca\/International\/wp-json\/wp\/v2\/posts\/137583","targetHints":{"allow":["GET"]}}],"collection":[{"href":"https:\/\/linitiative.ca\/International\/wp-json\/wp\/v2\/posts"}],"about":[{"href":"https:\/\/linitiative.ca\/International\/wp-json\/wp\/v2\/types\/post"}],"author":[{"embeddable":true,"href":"https:\/\/linitiative.ca\/International\/wp-json\/wp\/v2\/users\/1763"}],"replies":[{"embeddable":true,"href":"https:\/\/linitiative.ca\/International\/wp-json\/wp\/v2\/comments?post=137583"}],"version-history":[{"count":0,"href":"https:\/\/linitiative.ca\/International\/wp-json\/wp\/v2\/posts\/137583\/revisions"}],"wp:attachment":[{"href":"https:\/\/linitiative.ca\/International\/wp-json\/wp\/v2\/media?parent=137583"}],"wp:term":[{"taxonomy":"category","embeddable":true,"href":"https:\/\/linitiative.ca\/International\/wp-json\/wp\/v2\/categories?post=137583"},{"taxonomy":"post_tag","embeddable":true,"href":"https:\/\/linitiative.ca\/International\/wp-json\/wp\/v2\/tags?post=137583"}],"curies":[{"name":"wp","href":"https:\/\/api.w.org\/{rel}","templated":true}]}}