{"id":137584,"date":"2022-01-03T11:07:37","date_gmt":"2022-01-03T16:07:37","guid":{"rendered":"https:\/\/linitiative.ca\/International\/omicron-israel-rouvre-ses-frontieres-aux-touristes-vaccines\/"},"modified":"2022-01-03T11:07:37","modified_gmt":"2022-01-03T16:07:37","slug":"omicron-israel-rouvre-ses-frontieres-aux-touristes-vaccines","status":"publish","type":"post","link":"https:\/\/linitiative.ca\/International\/omicron-israel-rouvre-ses-frontieres-aux-touristes-vaccines\/","title":{"rendered":"Omicron: Isra\u00ebl rouvre ses fronti\u00e8res aux touristes vaccin\u00e9s"},"content":{"rendered":"<div>\n<div class=\"field field-name-body field-type-text-with-summary field-label-hidden\">\n<div class=\"field-items\">\n<div class=\"field-item even\" property=\"content:encoded\">\n<p class=\"rtejustify\">Isra\u00ebl a d\u00e9cid\u00e9 lundi de rouvrir ses fronti\u00e8res aux touristes \u00e9trangers vaccin\u00e9s \u00e0 partir du 9 janvier, apr\u00e8s une fermeture d&rsquo;un mois, jug\u00e9e \u00ab\u00a0caduque\u00a0\u00bb \u00e0 cause du bond des contaminations au variant Omicron.<\/p>\n<\/div>\n<\/div>\n<\/div>\n<\/div>\n<p>Auteur: mbasraoui<br \/>\n<a href=\"https:\/\/www.leconomiste.com\/flash-infos\/omicron-israel-rouvre-ses-frontieres-aux-touristes-vaccines\">Cliquez ici pour lire l&rsquo;article depuis sa source.<\/a><\/p>\n","protected":false},"excerpt":{"rendered":"<p>Isra\u00ebl a d\u00e9cid\u00e9 lundi de rouvrir ses fronti\u00e8res aux touristes \u00e9trangers vaccin\u00e9s \u00e0 partir du 9 janvier, apr\u00e8s une fermeture d&rsquo;un mois, jug\u00e9e \u00ab\u00a0caduque\u00a0\u00bb \u00e0 cause du bond des contaminations au variant Omicron. Auteur: mbasraoui Cliquez ici pour lire l&rsquo;article depuis sa source.<\/p>\n","protected":false},"author":1763,"featured_media":0,"comment_status":"closed","ping_status":"closed","sticky":false,"template":"","format":"standard","meta":{"fifu_image_url":"","fifu_image_alt":"","footnotes":""},"categories":[78,54],"tags":[],"class_list":["post-137584","post","type-post","status-publish","format-standard","hentry","category-economie","category-maroc"],"_links":{"self":[{"href":"https:\/\/linitiative.ca\/International\/wp-json\/wp\/v2\/posts\/137584","targetHints":{"allow":["GET"]}}],"collection":[{"href":"https:\/\/linitiative.ca\/International\/wp-json\/wp\/v2\/posts"}],"about":[{"href":"https:\/\/linitiative.ca\/International\/wp-json\/wp\/v2\/types\/post"}],"author":[{"embeddable":true,"href":"https:\/\/linitiative.ca\/International\/wp-json\/wp\/v2\/users\/1763"}],"replies":[{"embeddable":true,"href":"https:\/\/linitiative.ca\/International\/wp-json\/wp\/v2\/comments?post=137584"}],"version-history":[{"count":0,"href":"https:\/\/linitiative.ca\/International\/wp-json\/wp\/v2\/posts\/137584\/revisions"}],"wp:attachment":[{"href":"https:\/\/linitiative.ca\/International\/wp-json\/wp\/v2\/media?parent=137584"}],"wp:term":[{"taxonomy":"category","embeddable":true,"href":"https:\/\/linitiative.ca\/International\/wp-json\/wp\/v2\/categories?post=137584"},{"taxonomy":"post_tag","embeddable":true,"href":"https:\/\/linitiative.ca\/International\/wp-json\/wp\/v2\/tags?post=137584"}],"curies":[{"name":"wp","href":"https:\/\/api.w.org\/{rel}","templated":true}]}}