{"id":137589,"date":"2022-01-03T14:51:00","date_gmt":"2022-01-03T19:51:00","guid":{"rendered":"https:\/\/linitiative.ca\/International\/can-2021-pierre-menes-voit-lalgerie-favorite-a-sa-propre-succession\/"},"modified":"2022-01-03T14:51:00","modified_gmt":"2022-01-03T19:51:00","slug":"can-2021-pierre-menes-voit-lalgerie-favorite-a-sa-propre-succession","status":"publish","type":"post","link":"https:\/\/linitiative.ca\/International\/can-2021-pierre-menes-voit-lalgerie-favorite-a-sa-propre-succession\/","title":{"rendered":"CAN 2021 : Pierre M\u00e9n\u00e8s voit l&rsquo;Alg\u00e9rie favorite \u00e0 sa propre succession"},"content":{"rendered":"<div>De par sa qualit\u00e9 de championne en titre, la s\u00e9lection nationale figure parmi les favoris pour la Coupe d&rsquo;Afrique des Nations<\/div>\n<p>Auteur:<br \/>\n<a href=\"https:\/\/www.lebuteur.com\/article\/detail?titre=can-2021-pierre-menes-voit-lalgerie-favorite-a-sa-propre-succession&#038;id=101982\">Cliquez ici pour lire l&rsquo;article depuis sa source.<\/a><\/p>\n","protected":false},"excerpt":{"rendered":"<p>De par sa qualit\u00e9 de championne en titre, la s\u00e9lection nationale figure parmi les favoris pour la Coupe d&rsquo;Afrique des Nations Auteur: Cliquez ici pour lire l&rsquo;article depuis sa source.<\/p>\n","protected":false},"author":1738,"featured_media":0,"comment_status":"closed","ping_status":"closed","sticky":false,"template":"","format":"standard","meta":{"fifu_image_url":"","fifu_image_alt":"","footnotes":""},"categories":[53,75],"tags":[],"class_list":["post-137589","post","type-post","status-publish","format-standard","hentry","category-algerie","category-sport"],"_links":{"self":[{"href":"https:\/\/linitiative.ca\/International\/wp-json\/wp\/v2\/posts\/137589","targetHints":{"allow":["GET"]}}],"collection":[{"href":"https:\/\/linitiative.ca\/International\/wp-json\/wp\/v2\/posts"}],"about":[{"href":"https:\/\/linitiative.ca\/International\/wp-json\/wp\/v2\/types\/post"}],"author":[{"embeddable":true,"href":"https:\/\/linitiative.ca\/International\/wp-json\/wp\/v2\/users\/1738"}],"replies":[{"embeddable":true,"href":"https:\/\/linitiative.ca\/International\/wp-json\/wp\/v2\/comments?post=137589"}],"version-history":[{"count":0,"href":"https:\/\/linitiative.ca\/International\/wp-json\/wp\/v2\/posts\/137589\/revisions"}],"wp:attachment":[{"href":"https:\/\/linitiative.ca\/International\/wp-json\/wp\/v2\/media?parent=137589"}],"wp:term":[{"taxonomy":"category","embeddable":true,"href":"https:\/\/linitiative.ca\/International\/wp-json\/wp\/v2\/categories?post=137589"},{"taxonomy":"post_tag","embeddable":true,"href":"https:\/\/linitiative.ca\/International\/wp-json\/wp\/v2\/tags?post=137589"}],"curies":[{"name":"wp","href":"https:\/\/api.w.org\/{rel}","templated":true}]}}