{"id":137593,"date":"2022-01-03T11:42:00","date_gmt":"2022-01-03T16:42:00","guid":{"rendered":"https:\/\/linitiative.ca\/International\/tunisie-que-veut-le-peuple\/"},"modified":"2022-01-03T11:42:00","modified_gmt":"2022-01-03T16:42:00","slug":"tunisie-que-veut-le-peuple","status":"publish","type":"post","link":"https:\/\/linitiative.ca\/International\/tunisie-que-veut-le-peuple\/","title":{"rendered":"Tunisie: Que veut le peuple?"},"content":{"rendered":"<div><img decoding=\"async\" src=\"https:\/\/linitiative.ca\/International\/wp-content\/uploads\/sites\/23\/2022\/01\/1641228827_article.jpg\" alt=\"Tunisie: Que veut le  peuple?\" align=\"left\">Par Slaheddine Dchicha &#8211; Plus d\u2019une d\u00e9cennie apr\u00e8s \u00abl\u2019insurrection tunisienne\u00bb, nombreux sont ceux qui gardent en m\u00e9moire\u00a0 l\u2019explication technologique qui en a \u00e9t\u00e9 faite. Certains sont all\u00e9s jusqu\u2019\u00e0 parler de \u00abla premi\u00e8re r\u00e9volution num\u00e9rique du XXIe si\u00e8cle\u00bb, d\u2019autres, moins emphatiques mais peut-\u00eatre plus ironiques, de \u00abr\u00e9volution\u00a0 Facebook\u00bb.<br \/>\nLa boucle serait-elle en train de se boucler avec le lancement ce samedi 1er janvier de la \u00abconsultation populaire\u00bb par voie \u00e9lectronique. En effet, cette consultation qui, selon les v\u0153ux du\u00a0 Pr\u00e9sident Ka\u00efs Sa\u00efed se fera en ligne et durera jusqu\u2019au 20\u00a0 mars, consistera \u00e0 recueillir les avis et les &#8230;<\/p>\n<\/div>\n<p>Auteur:<br \/>\n<a href=\"https:\/\/www.leaders.com.tn\/article\/32835-tunisie-que-veut-le-peuple\">Cliquez ici pour lire l&rsquo;article depuis sa source.<\/a><\/p>\n","protected":false},"excerpt":{"rendered":"<p>Par Slaheddine Dchicha &#8211; Plus d\u2019une d\u00e9cennie apr\u00e8s \u00abl\u2019insurrection tunisienne\u00bb, nombreux sont ceux qui gardent en m\u00e9moire\u00a0 l\u2019explication technologique qui en a \u00e9t\u00e9 faite. Certains sont all\u00e9s jusqu\u2019\u00e0 parler de \u00abla premi\u00e8re r\u00e9volution num\u00e9rique du XXIe si\u00e8cle\u00bb, d\u2019autres, moins emphatiques mais peut-\u00eatre plus ironiques, de \u00abr\u00e9volution\u00a0 Facebook\u00bb. La boucle serait-elle en train de se boucler [&hellip;]<\/p>\n","protected":false},"author":1772,"featured_media":0,"comment_status":"closed","ping_status":"closed","sticky":false,"template":"","format":"standard","meta":{"fifu_image_url":"http:\/\/www.leaders.com.tn\/uploads\/content\/thumbnails_small\/1641228827_article.jpg","fifu_image_alt":"Tunisie: Que veut le peuple?","footnotes":""},"categories":[73,55],"tags":[],"class_list":["post-137593","post","type-post","status-publish","format-standard","hentry","category-actualite","category-tunisie"],"_links":{"self":[{"href":"https:\/\/linitiative.ca\/International\/wp-json\/wp\/v2\/posts\/137593","targetHints":{"allow":["GET"]}}],"collection":[{"href":"https:\/\/linitiative.ca\/International\/wp-json\/wp\/v2\/posts"}],"about":[{"href":"https:\/\/linitiative.ca\/International\/wp-json\/wp\/v2\/types\/post"}],"author":[{"embeddable":true,"href":"https:\/\/linitiative.ca\/International\/wp-json\/wp\/v2\/users\/1772"}],"replies":[{"embeddable":true,"href":"https:\/\/linitiative.ca\/International\/wp-json\/wp\/v2\/comments?post=137593"}],"version-history":[{"count":0,"href":"https:\/\/linitiative.ca\/International\/wp-json\/wp\/v2\/posts\/137593\/revisions"}],"wp:attachment":[{"href":"https:\/\/linitiative.ca\/International\/wp-json\/wp\/v2\/media?parent=137593"}],"wp:term":[{"taxonomy":"category","embeddable":true,"href":"https:\/\/linitiative.ca\/International\/wp-json\/wp\/v2\/categories?post=137593"},{"taxonomy":"post_tag","embeddable":true,"href":"https:\/\/linitiative.ca\/International\/wp-json\/wp\/v2\/tags?post=137593"}],"curies":[{"name":"wp","href":"https:\/\/api.w.org\/{rel}","templated":true}]}}