{"id":137606,"date":"2022-01-03T14:10:49","date_gmt":"2022-01-03T19:10:49","guid":{"rendered":"https:\/\/linitiative.ca\/International\/plaidoyer-pour-une-veritable-inclusion-du-secteur-prive-dans-les-politiques-de-sante-par-dr-rochdi-talib\/"},"modified":"2022-01-03T14:10:49","modified_gmt":"2022-01-03T19:10:49","slug":"plaidoyer-pour-une-veritable-inclusion-du-secteur-prive-dans-les-politiques-de-sante-par-dr-rochdi-talib","status":"publish","type":"post","link":"https:\/\/linitiative.ca\/International\/plaidoyer-pour-une-veritable-inclusion-du-secteur-prive-dans-les-politiques-de-sante-par-dr-rochdi-talib\/","title":{"rendered":"Plaidoyer pour une v\u00e9ritable inclusion du secteur priv\u00e9 dans les politiques de sant\u00e9 [Par Dr. Rochdi Talib]"},"content":{"rendered":"<div><img decoding=\"async\" width=\"758\" height=\"530\" src=\"https:\/\/linitiative.ca\/International\/wp-content\/uploads\/sites\/23\/2022\/01\/Ouverture-de-secours-758-x-530.jpg\" class=\"attachment-post-thumbnail size-post-thumbnail wp-post-image\" alt=\"\" loading=\"lazy\" srcset=\"https:\/\/linitiative.ca\/International\/wp-content\/uploads\/sites\/23\/2022\/01\/Ouverture-de-secours-758-x-530.jpg 758w, https:\/\/www.challenge.ma\/wp-content\/uploads\/2022\/01\/Ouverture-de-secours-758-x-530-300x210.jpg 300w, https:\/\/www.challenge.ma\/wp-content\/uploads\/2022\/01\/Ouverture-de-secours-758-x-530-360x252.jpg 360w, https:\/\/www.challenge.ma\/wp-content\/uploads\/2022\/01\/Ouverture-de-secours-758-x-530-750x524.jpg 750w\" sizes=\"auto, (max-width: 758px) 100vw, 758px\" itemprop=\"image\">Pr\u00e9sident directeur g\u00e9n\u00e9ral du Groupe Akdital, le Docteur Rochdi Talib livre \u00e0 travers cette tribune son appr\u00e9ciation et sa vision dans le domaine de la sant\u00e9 au Maroc. M\u00e9decin passionn\u00e9 et investisseur engag\u00e9 comme il se d\u00e9finit lui-m\u00eame, il met en exergue plusieurs pistes de r\u00e9flexion \u00e0 m\u00eame de contribuer<\/div>\n<p>Auteur: challenge<br \/>\n<a href=\"https:\/\/www.challenge.ma\/plaidoyer-pour-une-veritable-inclusion-du-secteur-prive-dans-les-politiques-de-sante-par-dr-rochdi-talib-229930\/\">Cliquez ici pour lire l&rsquo;article depuis sa source.<\/a><\/p>\n","protected":false},"excerpt":{"rendered":"<p>Pr\u00e9sident directeur g\u00e9n\u00e9ral du Groupe Akdital, le Docteur Rochdi Talib livre \u00e0 travers cette tribune son appr\u00e9ciation et sa vision dans le domaine de la sant\u00e9 au Maroc. M\u00e9decin passionn\u00e9 et investisseur engag\u00e9 comme il se d\u00e9finit lui-m\u00eame, il met en exergue plusieurs pistes de r\u00e9flexion \u00e0 m\u00eame de contribuer Auteur: challenge Cliquez ici pour [&hellip;]<\/p>\n","protected":false},"author":1787,"featured_media":0,"comment_status":"closed","ping_status":"closed","sticky":false,"template":"","format":"standard","meta":{"fifu_image_url":"https:\/\/www.challenge.ma\/wp-content\/uploads\/2022\/01\/Ouverture-de-secours-758-x-530.jpg","fifu_image_alt":"Plaidoyer pour une v\u00e9ritable inclusion du secteur priv\u00e9 dans les politiques de sant\u00e9 [Par Dr. Rochdi Talib]","footnotes":""},"categories":[78,54],"tags":[],"class_list":["post-137606","post","type-post","status-publish","format-standard","hentry","category-economie","category-maroc"],"_links":{"self":[{"href":"https:\/\/linitiative.ca\/International\/wp-json\/wp\/v2\/posts\/137606","targetHints":{"allow":["GET"]}}],"collection":[{"href":"https:\/\/linitiative.ca\/International\/wp-json\/wp\/v2\/posts"}],"about":[{"href":"https:\/\/linitiative.ca\/International\/wp-json\/wp\/v2\/types\/post"}],"author":[{"embeddable":true,"href":"https:\/\/linitiative.ca\/International\/wp-json\/wp\/v2\/users\/1787"}],"replies":[{"embeddable":true,"href":"https:\/\/linitiative.ca\/International\/wp-json\/wp\/v2\/comments?post=137606"}],"version-history":[{"count":0,"href":"https:\/\/linitiative.ca\/International\/wp-json\/wp\/v2\/posts\/137606\/revisions"}],"wp:attachment":[{"href":"https:\/\/linitiative.ca\/International\/wp-json\/wp\/v2\/media?parent=137606"}],"wp:term":[{"taxonomy":"category","embeddable":true,"href":"https:\/\/linitiative.ca\/International\/wp-json\/wp\/v2\/categories?post=137606"},{"taxonomy":"post_tag","embeddable":true,"href":"https:\/\/linitiative.ca\/International\/wp-json\/wp\/v2\/tags?post=137606"}],"curies":[{"name":"wp","href":"https:\/\/api.w.org\/{rel}","templated":true}]}}