{"id":137612,"date":"2022-01-03T16:49:32","date_gmt":"2022-01-03T21:49:32","guid":{"rendered":"https:\/\/linitiative.ca\/International\/tunisie-le-merite-de-charfeddine-davoir-mis-a-nu-la-verite-de-ceux-qui-se-presentent-comme-les-sauveurs-du-peuple\/"},"modified":"2022-01-03T16:49:32","modified_gmt":"2022-01-03T21:49:32","slug":"tunisie-le-merite-de-charfeddine-davoir-mis-a-nu-la-verite-de-ceux-qui-se-presentent-comme-les-sauveurs-du-peuple","status":"publish","type":"post","link":"https:\/\/linitiative.ca\/International\/tunisie-le-merite-de-charfeddine-davoir-mis-a-nu-la-verite-de-ceux-qui-se-presentent-comme-les-sauveurs-du-peuple\/","title":{"rendered":"Tunisie \u2013 Le m\u00e9rite de Charfeddine d\u2019avoir mis \u00e0 nu la v\u00e9rit\u00e9 de ceux qui se pr\u00e9sentent comme les sauveurs du peuple\u00a0!"},"content":{"rendered":"<div>\n<p>Le grand plus qu\u2019a apport\u00e9, ce soir, le ministre de l\u2019int\u00e9rieur, Taoufik Charfeddine, aura \u00e9t\u00e9 de mettre \u00e0 nu la v\u00e9rit\u00e9 de certaines personnes qui se pr\u00e9tendent du milieu politique, et se pr\u00e9sentent comme les sauveurs du peuple tunisien, alors, qu\u2019en r\u00e9alit\u00e9, ils ont abus\u00e9 de lui et de ses biens, durant dix ans, et [\u2026]<\/p>\n<p>L\u2019article <a href=\"https:\/\/www.tunisienumerique.com\/tunisie-le-merite-de-charfeddine-davoir-mis-a-nu-la-verite-de-ceux-qui-se-presentent-comme-les-sauveurs-du-peuple\/\">Tunisie \u2013 Le m\u00e9rite de Charfeddine d\u2019avoir mis \u00e0 nu la v\u00e9rit\u00e9 de ceux qui se pr\u00e9sentent comme les sauveurs du peuple\u00a0!<\/a> est apparu en premier sur <a href=\"https:\/\/www.tunisienumerique.com\/\">Tunisie<\/a>.<\/p>\n<\/div>\n<p>Auteur: Ramsis<br \/>\n<a href=\"https:\/\/www.tunisienumerique.com\/tunisie-le-merite-de-charfeddine-davoir-mis-a-nu-la-verite-de-ceux-qui-se-presentent-comme-les-sauveurs-du-peuple\/\">Cliquez ici pour lire l&rsquo;article depuis sa source.<\/a><\/p>\n","protected":false},"excerpt":{"rendered":"<p>Le grand plus qu\u2019a apport\u00e9, ce soir, le ministre de l\u2019int\u00e9rieur, Taoufik Charfeddine, aura \u00e9t\u00e9 de mettre \u00e0 nu la v\u00e9rit\u00e9 de certaines personnes qui se pr\u00e9tendent du milieu politique, et se pr\u00e9sentent comme les sauveurs du peuple tunisien, alors, qu\u2019en r\u00e9alit\u00e9, ils ont abus\u00e9 de lui et de ses biens, durant dix ans, et [&hellip;]<\/p>\n","protected":false},"author":1789,"featured_media":0,"comment_status":"closed","ping_status":"closed","sticky":false,"template":"","format":"standard","meta":{"fifu_image_url":"","fifu_image_alt":"","footnotes":""},"categories":[73,55],"tags":[],"class_list":["post-137612","post","type-post","status-publish","format-standard","hentry","category-actualite","category-tunisie"],"_links":{"self":[{"href":"https:\/\/linitiative.ca\/International\/wp-json\/wp\/v2\/posts\/137612","targetHints":{"allow":["GET"]}}],"collection":[{"href":"https:\/\/linitiative.ca\/International\/wp-json\/wp\/v2\/posts"}],"about":[{"href":"https:\/\/linitiative.ca\/International\/wp-json\/wp\/v2\/types\/post"}],"author":[{"embeddable":true,"href":"https:\/\/linitiative.ca\/International\/wp-json\/wp\/v2\/users\/1789"}],"replies":[{"embeddable":true,"href":"https:\/\/linitiative.ca\/International\/wp-json\/wp\/v2\/comments?post=137612"}],"version-history":[{"count":0,"href":"https:\/\/linitiative.ca\/International\/wp-json\/wp\/v2\/posts\/137612\/revisions"}],"wp:attachment":[{"href":"https:\/\/linitiative.ca\/International\/wp-json\/wp\/v2\/media?parent=137612"}],"wp:term":[{"taxonomy":"category","embeddable":true,"href":"https:\/\/linitiative.ca\/International\/wp-json\/wp\/v2\/categories?post=137612"},{"taxonomy":"post_tag","embeddable":true,"href":"https:\/\/linitiative.ca\/International\/wp-json\/wp\/v2\/tags?post=137612"}],"curies":[{"name":"wp","href":"https:\/\/api.w.org\/{rel}","templated":true}]}}