{"id":137614,"date":"2022-01-03T17:13:35","date_gmt":"2022-01-03T22:13:35","guid":{"rendered":"https:\/\/linitiative.ca\/International\/tunisie-interdiction-de-voyager-contre-le-chef-de-la-commune-de-gabes\/"},"modified":"2022-01-03T17:13:35","modified_gmt":"2022-01-03T22:13:35","slug":"tunisie-interdiction-de-voyager-contre-le-chef-de-la-commune-de-gabes","status":"publish","type":"post","link":"https:\/\/linitiative.ca\/International\/tunisie-interdiction-de-voyager-contre-le-chef-de-la-commune-de-gabes\/","title":{"rendered":"Tunisie : Interdiction de voyager contre le Chef de la Commune de Gab\u00e8s"},"content":{"rendered":"<div>\n<p>Le premier juge d\u2019instruction de la troisi\u00e8me chambre du tribunal de premi\u00e8re instance de Gab\u00e8s a rendu une d\u00e9cision d\u2019interdiction de voyager contre le chef de la Commune de Gab\u00e8s soup\u00e7onn\u00e9 d\u2019abus de la qualit\u00e9 d\u2019un agent public pour un avantage personnel ou pour autrui, tout en le maintenant dans un \u00e9tat de lib\u00e9ration. Aujourd\u2019hui, [\u2026]<\/p>\n<p>L\u2019article <a href=\"https:\/\/www.tunisienumerique.com\/tunisie-interdiction-de-voyager-contre-le-chef-de-la-commune-de-gabes\/\">Tunisie : Interdiction de voyager contre le Chef de la Commune de Gab\u00e8s<\/a> est apparu en premier sur <a href=\"https:\/\/www.tunisienumerique.com\/\">Tunisie<\/a>.<\/p>\n<\/div>\n<p>Auteur: rania ben slimane<br \/>\n<a href=\"https:\/\/www.tunisienumerique.com\/tunisie-interdiction-de-voyager-contre-le-chef-de-la-commune-de-gabes\/\">Cliquez ici pour lire l&rsquo;article depuis sa source.<\/a><\/p>\n","protected":false},"excerpt":{"rendered":"<p>Le premier juge d\u2019instruction de la troisi\u00e8me chambre du tribunal de premi\u00e8re instance de Gab\u00e8s a rendu une d\u00e9cision d\u2019interdiction de voyager contre le chef de la Commune de Gab\u00e8s soup\u00e7onn\u00e9 d\u2019abus de la qualit\u00e9 d\u2019un agent public pour un avantage personnel ou pour autrui, tout en le maintenant dans un \u00e9tat de lib\u00e9ration. Aujourd\u2019hui, [&hellip;]<\/p>\n","protected":false},"author":1789,"featured_media":0,"comment_status":"closed","ping_status":"closed","sticky":false,"template":"","format":"standard","meta":{"fifu_image_url":"","fifu_image_alt":"","footnotes":""},"categories":[73,55],"tags":[],"class_list":["post-137614","post","type-post","status-publish","format-standard","hentry","category-actualite","category-tunisie"],"_links":{"self":[{"href":"https:\/\/linitiative.ca\/International\/wp-json\/wp\/v2\/posts\/137614","targetHints":{"allow":["GET"]}}],"collection":[{"href":"https:\/\/linitiative.ca\/International\/wp-json\/wp\/v2\/posts"}],"about":[{"href":"https:\/\/linitiative.ca\/International\/wp-json\/wp\/v2\/types\/post"}],"author":[{"embeddable":true,"href":"https:\/\/linitiative.ca\/International\/wp-json\/wp\/v2\/users\/1789"}],"replies":[{"embeddable":true,"href":"https:\/\/linitiative.ca\/International\/wp-json\/wp\/v2\/comments?post=137614"}],"version-history":[{"count":0,"href":"https:\/\/linitiative.ca\/International\/wp-json\/wp\/v2\/posts\/137614\/revisions"}],"wp:attachment":[{"href":"https:\/\/linitiative.ca\/International\/wp-json\/wp\/v2\/media?parent=137614"}],"wp:term":[{"taxonomy":"category","embeddable":true,"href":"https:\/\/linitiative.ca\/International\/wp-json\/wp\/v2\/categories?post=137614"},{"taxonomy":"post_tag","embeddable":true,"href":"https:\/\/linitiative.ca\/International\/wp-json\/wp\/v2\/tags?post=137614"}],"curies":[{"name":"wp","href":"https:\/\/api.w.org\/{rel}","templated":true}]}}