{"id":137615,"date":"2022-01-03T13:58:01","date_gmt":"2022-01-03T18:58:01","guid":{"rendered":"https:\/\/linitiative.ca\/International\/les-priorites-majeures-de-roch-pour-2022\/"},"modified":"2022-01-03T13:58:01","modified_gmt":"2022-01-03T18:58:01","slug":"les-priorites-majeures-de-roch-pour-2022","status":"publish","type":"post","link":"https:\/\/linitiative.ca\/International\/les-priorites-majeures-de-roch-pour-2022\/","title":{"rendered":"LES PRIORITES MAJEURES DE ROCH POUR 2022"},"content":{"rendered":"<div>\n<p><img decoding=\"async\" width=\"720\" height=\"498\" src=\"https:\/\/linitiative.ca\/International\/wp-content\/uploads\/sites\/23\/2022\/01\/ROCK.jpg\" class=\"attachment- size- wp-post-image\" alt=\"\" loading=\"lazy\" style=\"float:left; margin:0 15px 15px 0;\" srcset=\"https:\/\/linitiative.ca\/International\/wp-content\/uploads\/sites\/23\/2022\/01\/ROCK.jpg 720w, https:\/\/lepays.bf\/wp-content\/uploads\/2022\/01\/ROCK-300x208.jpg 300w\" sizes=\"auto, (max-width: 720px) 100vw, 720px\">Le pr\u00e9sident du Faso, Roch Marc Christian Kabor\u00e9,\u00a0 s\u2019est adress\u00e9 \u00e0 ses compatriotes, le 31 d\u00e9cembre 2021, dans le cadre du traditionnel discours \u00e0 la Nation du nouvel an. C\u2019est un pr\u00e9sident visiblement affect\u00e9 par les \u00e9preuves douloureuses que traverse le pays au plan s\u00e9curitaire notamment, qui s\u2019est pr\u00eat\u00e9 \u00e0 l\u2019exercice. Dans son allocution, le \u2026<\/p>\n<p>L\u2019article <a rel=\"nofollow\" href=\"https:\/\/lepays.bf\/les-priorites-majeures-de-roch-pour-2022\/\">LES PRIORITES MAJEURES DE ROCH POUR 2022<\/a> est apparu en premier sur <a rel=\"nofollow\" href=\"https:\/\/lepays.bf\/\">Editions Le Pays<\/a>.<\/p>\n<\/div>\n<p>Auteur: Editions LEPAYS<br \/>\n<a href=\"https:\/\/lepays.bf\/les-priorites-majeures-de-roch-pour-2022\/\">Cliquez ici pour lire l&rsquo;article depuis sa source.<\/a><\/p>\n","protected":false},"excerpt":{"rendered":"<p>Le pr\u00e9sident du Faso, Roch Marc Christian Kabor\u00e9,\u00a0 s\u2019est adress\u00e9 \u00e0 ses compatriotes, le 31 d\u00e9cembre 2021, dans le cadre du traditionnel discours \u00e0 la Nation du nouvel an. C\u2019est un pr\u00e9sident visiblement affect\u00e9 par les \u00e9preuves douloureuses que traverse le pays au plan s\u00e9curitaire notamment, qui s\u2019est pr\u00eat\u00e9 \u00e0 l\u2019exercice. Dans son allocution, le [&hellip;]<\/p>\n","protected":false},"author":1813,"featured_media":0,"comment_status":"closed","ping_status":"closed","sticky":false,"template":"","format":"standard","meta":{"fifu_image_url":"https:\/\/lepays.bf\/wp-content\/uploads\/2022\/01\/ROCK.jpg","fifu_image_alt":"LES PRIORITES MAJEURES DE ROCH POUR 2022","footnotes":""},"categories":[73,81],"tags":[],"class_list":["post-137615","post","type-post","status-publish","format-standard","hentry","category-actualite","category-burkina-faso"],"_links":{"self":[{"href":"https:\/\/linitiative.ca\/International\/wp-json\/wp\/v2\/posts\/137615","targetHints":{"allow":["GET"]}}],"collection":[{"href":"https:\/\/linitiative.ca\/International\/wp-json\/wp\/v2\/posts"}],"about":[{"href":"https:\/\/linitiative.ca\/International\/wp-json\/wp\/v2\/types\/post"}],"author":[{"embeddable":true,"href":"https:\/\/linitiative.ca\/International\/wp-json\/wp\/v2\/users\/1813"}],"replies":[{"embeddable":true,"href":"https:\/\/linitiative.ca\/International\/wp-json\/wp\/v2\/comments?post=137615"}],"version-history":[{"count":0,"href":"https:\/\/linitiative.ca\/International\/wp-json\/wp\/v2\/posts\/137615\/revisions"}],"wp:attachment":[{"href":"https:\/\/linitiative.ca\/International\/wp-json\/wp\/v2\/media?parent=137615"}],"wp:term":[{"taxonomy":"category","embeddable":true,"href":"https:\/\/linitiative.ca\/International\/wp-json\/wp\/v2\/categories?post=137615"},{"taxonomy":"post_tag","embeddable":true,"href":"https:\/\/linitiative.ca\/International\/wp-json\/wp\/v2\/tags?post=137615"}],"curies":[{"name":"wp","href":"https:\/\/api.w.org\/{rel}","templated":true}]}}