{"id":137617,"date":"2022-01-03T14:08:18","date_gmt":"2022-01-03T19:08:18","guid":{"rendered":"https:\/\/linitiative.ca\/International\/prolongation-de-la-transition-de-cinq-ans-au-mali\/"},"modified":"2022-01-03T14:08:18","modified_gmt":"2022-01-03T19:08:18","slug":"prolongation-de-la-transition-de-cinq-ans-au-mali","status":"publish","type":"post","link":"https:\/\/linitiative.ca\/International\/prolongation-de-la-transition-de-cinq-ans-au-mali\/","title":{"rendered":"PROLONGATION DE LA TRANSITION DE CINQ ANS AU MALI"},"content":{"rendered":"<div>\n<p><img decoding=\"async\" width=\"592\" height=\"296\" src=\"https:\/\/linitiative.ca\/International\/wp-content\/uploads\/sites\/23\/2022\/01\/MALI.jpg\" class=\"attachment- size- wp-post-image\" alt=\"\" loading=\"lazy\" style=\"float:left; margin:0 15px 15px 0;\" srcset=\"https:\/\/linitiative.ca\/International\/wp-content\/uploads\/sites\/23\/2022\/01\/MALI.jpg 592w, https:\/\/lepays.bf\/wp-content\/uploads\/2022\/01\/MALI-300x150.jpg 300w\" sizes=\"auto, (max-width: 592px) 100vw, 592px\">Dix-huit mois\u00a0! C\u2019est le temps qui avait \u00e9t\u00e9 donn\u00e9 par la Communaut\u00e9 \u00e9conomique des Etats de l\u2019Afrique de l\u2019Ouest (CEDEAO) aux tombeurs de Ibrahim Boubacar K\u00e9ita (IBK), pour conduire le Mali \u00e0 des \u00e9lections devant signer le retour du pays \u00e0 l\u2019ordre constitutionnel normal. Seize mois apr\u00e8s et \u00e0 deux mois de l\u2019\u00e9ch\u00e9ance fix\u00e9e \u00e0 \u2026<\/p>\n<p>L\u2019article <a rel=\"nofollow\" href=\"https:\/\/lepays.bf\/prolongation-de-la-transition-de-cinq-ans-au-mali\/\">PROLONGATION DE LA TRANSITION DE CINQ ANS AU MALI<\/a> est apparu en premier sur <a rel=\"nofollow\" href=\"https:\/\/lepays.bf\/\">Editions Le Pays<\/a>.<\/p>\n<\/div>\n<p>Auteur: Editions LEPAYS<br \/>\n<a href=\"https:\/\/lepays.bf\/prolongation-de-la-transition-de-cinq-ans-au-mali\/\">Cliquez ici pour lire l&rsquo;article depuis sa source.<\/a><\/p>\n","protected":false},"excerpt":{"rendered":"<p>Dix-huit mois\u00a0! C\u2019est le temps qui avait \u00e9t\u00e9 donn\u00e9 par la Communaut\u00e9 \u00e9conomique des Etats de l\u2019Afrique de l\u2019Ouest (CEDEAO) aux tombeurs de Ibrahim Boubacar K\u00e9ita (IBK), pour conduire le Mali \u00e0 des \u00e9lections devant signer le retour du pays \u00e0 l\u2019ordre constitutionnel normal. Seize mois apr\u00e8s et \u00e0 deux mois de l\u2019\u00e9ch\u00e9ance fix\u00e9e \u00e0 [&hellip;]<\/p>\n","protected":false},"author":1813,"featured_media":0,"comment_status":"closed","ping_status":"closed","sticky":false,"template":"","format":"standard","meta":{"fifu_image_url":"https:\/\/lepays.bf\/wp-content\/uploads\/2022\/01\/MALI.jpg","fifu_image_alt":"PROLONGATION DE LA TRANSITION DE CINQ ANS AU MALI","footnotes":""},"categories":[73,81],"tags":[],"class_list":["post-137617","post","type-post","status-publish","format-standard","hentry","category-actualite","category-burkina-faso"],"_links":{"self":[{"href":"https:\/\/linitiative.ca\/International\/wp-json\/wp\/v2\/posts\/137617","targetHints":{"allow":["GET"]}}],"collection":[{"href":"https:\/\/linitiative.ca\/International\/wp-json\/wp\/v2\/posts"}],"about":[{"href":"https:\/\/linitiative.ca\/International\/wp-json\/wp\/v2\/types\/post"}],"author":[{"embeddable":true,"href":"https:\/\/linitiative.ca\/International\/wp-json\/wp\/v2\/users\/1813"}],"replies":[{"embeddable":true,"href":"https:\/\/linitiative.ca\/International\/wp-json\/wp\/v2\/comments?post=137617"}],"version-history":[{"count":0,"href":"https:\/\/linitiative.ca\/International\/wp-json\/wp\/v2\/posts\/137617\/revisions"}],"wp:attachment":[{"href":"https:\/\/linitiative.ca\/International\/wp-json\/wp\/v2\/media?parent=137617"}],"wp:term":[{"taxonomy":"category","embeddable":true,"href":"https:\/\/linitiative.ca\/International\/wp-json\/wp\/v2\/categories?post=137617"},{"taxonomy":"post_tag","embeddable":true,"href":"https:\/\/linitiative.ca\/International\/wp-json\/wp\/v2\/tags?post=137617"}],"curies":[{"name":"wp","href":"https:\/\/api.w.org\/{rel}","templated":true}]}}