{"id":137619,"date":"2022-01-03T14:12:12","date_gmt":"2022-01-03T19:12:12","guid":{"rendered":"https:\/\/linitiative.ca\/International\/demission-du-permier-ministre-hamdok\/"},"modified":"2022-01-03T14:12:12","modified_gmt":"2022-01-03T19:12:12","slug":"demission-du-permier-ministre-hamdok","status":"publish","type":"post","link":"https:\/\/linitiative.ca\/International\/demission-du-permier-ministre-hamdok\/","title":{"rendered":"DEMISSION DU PERMIER MINISTRE HAMDOK"},"content":{"rendered":"<div>\n<p><img decoding=\"async\" width=\"592\" height=\"296\" src=\"https:\/\/linitiative.ca\/International\/wp-content\/uploads\/sites\/23\/2022\/01\/HAMDOCK.jpg\" class=\"attachment- size- wp-post-image\" alt=\"\" loading=\"lazy\" style=\"float:left; margin:0 15px 15px 0;\" srcset=\"https:\/\/linitiative.ca\/International\/wp-content\/uploads\/sites\/23\/2022\/01\/HAMDOCK.jpg 592w, https:\/\/lepays.bf\/wp-content\/uploads\/2022\/01\/HAMDOCK-300x150.jpg 300w\" sizes=\"auto, (max-width: 592px) 100vw, 592px\">L\u2019opportunisme a un salaire, et c\u2019est souvent le d\u00e9shonneur. Le Premier ministre soudanais, Abdallah Hamdok, vient d\u2019en faire l\u2019am\u00e8re exp\u00e9rience. En effet, dans la soir\u00e9e du 2 janvier 2022, il annon\u00e7ait sa d\u00e9mission dans un discours t\u00e9l\u00e9vis\u00e9 \u00e0 la Nation. \u00a0A la suite des manifestations qui ont abouti, en 2019, \u00e0 la chute de l\u2019ancien \u2026<\/p>\n<p>L\u2019article <a rel=\"nofollow\" href=\"https:\/\/lepays.bf\/demission-du-permier-ministre-hamdok\/\">DEMISSION DU PERMIER MINISTRE HAMDOK<\/a> est apparu en premier sur <a rel=\"nofollow\" href=\"https:\/\/lepays.bf\/\">Editions Le Pays<\/a>.<\/p>\n<\/div>\n<p>Auteur: Editions LEPAYS<br \/>\n<a href=\"https:\/\/lepays.bf\/demission-du-permier-ministre-hamdok\/\">Cliquez ici pour lire l&rsquo;article depuis sa source.<\/a><\/p>\n","protected":false},"excerpt":{"rendered":"<p>L\u2019opportunisme a un salaire, et c\u2019est souvent le d\u00e9shonneur. Le Premier ministre soudanais, Abdallah Hamdok, vient d\u2019en faire l\u2019am\u00e8re exp\u00e9rience. En effet, dans la soir\u00e9e du 2 janvier 2022, il annon\u00e7ait sa d\u00e9mission dans un discours t\u00e9l\u00e9vis\u00e9 \u00e0 la Nation. \u00a0A la suite des manifestations qui ont abouti, en 2019, \u00e0 la chute de l\u2019ancien [&hellip;]<\/p>\n","protected":false},"author":1813,"featured_media":0,"comment_status":"closed","ping_status":"closed","sticky":false,"template":"","format":"standard","meta":{"fifu_image_url":"https:\/\/lepays.bf\/wp-content\/uploads\/2022\/01\/HAMDOCK.jpg","fifu_image_alt":"DEMISSION DU PERMIER MINISTRE HAMDOK","footnotes":""},"categories":[73,81],"tags":[],"class_list":["post-137619","post","type-post","status-publish","format-standard","hentry","category-actualite","category-burkina-faso"],"_links":{"self":[{"href":"https:\/\/linitiative.ca\/International\/wp-json\/wp\/v2\/posts\/137619","targetHints":{"allow":["GET"]}}],"collection":[{"href":"https:\/\/linitiative.ca\/International\/wp-json\/wp\/v2\/posts"}],"about":[{"href":"https:\/\/linitiative.ca\/International\/wp-json\/wp\/v2\/types\/post"}],"author":[{"embeddable":true,"href":"https:\/\/linitiative.ca\/International\/wp-json\/wp\/v2\/users\/1813"}],"replies":[{"embeddable":true,"href":"https:\/\/linitiative.ca\/International\/wp-json\/wp\/v2\/comments?post=137619"}],"version-history":[{"count":0,"href":"https:\/\/linitiative.ca\/International\/wp-json\/wp\/v2\/posts\/137619\/revisions"}],"wp:attachment":[{"href":"https:\/\/linitiative.ca\/International\/wp-json\/wp\/v2\/media?parent=137619"}],"wp:term":[{"taxonomy":"category","embeddable":true,"href":"https:\/\/linitiative.ca\/International\/wp-json\/wp\/v2\/categories?post=137619"},{"taxonomy":"post_tag","embeddable":true,"href":"https:\/\/linitiative.ca\/International\/wp-json\/wp\/v2\/tags?post=137619"}],"curies":[{"name":"wp","href":"https:\/\/api.w.org\/{rel}","templated":true}]}}