{"id":137621,"date":"2022-01-03T10:18:03","date_gmt":"2022-01-03T15:18:03","guid":{"rendered":"https:\/\/linitiative.ca\/International\/bedie-se-rejouit-de-la-reprise-du-dialogue-politique-ivoirien\/"},"modified":"2022-01-03T10:18:03","modified_gmt":"2022-01-03T15:18:03","slug":"bedie-se-rejouit-de-la-reprise-du-dialogue-politique-ivoirien","status":"publish","type":"post","link":"https:\/\/linitiative.ca\/International\/bedie-se-rejouit-de-la-reprise-du-dialogue-politique-ivoirien\/","title":{"rendered":"B\u00e9di\u00e9 se \u00ab\u00a0r\u00e9jouit\u00a0\u00bb de la reprise du dialogue politique ivoirien"},"content":{"rendered":"<div>\n<p><img decoding=\"async\" width=\"512\" height=\"341\" src=\"https:\/\/linitiative.ca\/International\/wp-content\/uploads\/sites\/23\/2022\/01\/16412230831008.jpg\" class=\"attachment-post-thumbnail size-post-thumbnail wp-post-image\" alt=\"\" loading=\"lazy\" srcset=\"https:\/\/linitiative.ca\/International\/wp-content\/uploads\/sites\/23\/2022\/01\/16412230831008.jpg 512w, https:\/\/www.journalducameroun.com\/wp-content\/uploads\/2022\/01\/16412230831008-300x200.jpg 300w\" sizes=\"auto, (max-width: 512px) 100vw, 512px\"><\/p>\n<p>Le pr\u00e9sident du Parti d\u00e9mocratique de C\u00f4te d&rsquo;Ivoire (Pdci), Henri Konan B\u00e9di\u00e9, se \u00ab\u00a0r\u00e9jouit\u00a0\u00bb de la reprise du dialogue politique ivoirien,  dans un message de nouvel an.<\/p>\n<p>\u00ab\u00a0Je me r\u00e9jouis de l&rsquo;initiative du dialogue politique engag\u00e9 r\u00e9cemment par le gouvernement qui, je l&rsquo;esp\u00e8re, constituera une \u00e9tape constructive vers un dialogue inclusif qui prendra en compte l&rsquo;ensemble des sujets qui fragilisent l&rsquo;expression du grand potentiel dont dispose notre pays\u00a0\u00bb, a d\u00e9clar\u00e9 M. B\u00e9di\u00e9. \u00a0 \u00a0<\/p>\n<p>Le pr\u00e9sident du Pdci, ex-alli\u00e9 au pouvoir, a exprim\u00e9 sa \u00ab\u00a0foi en une C\u00f4te d&rsquo;Ivoire r\u00e9concili\u00e9e, unie et prosp\u00e8re n&rsquo;a pas chang\u00e9\u00a0\u00bb et sa \u00ab\u00a0foi dans la force agissante, d&rsquo;un dialogue vrai et sinc\u00e8re entre tous les Ivoiriens\u00a0\u00bb.<\/p>\n<p>Pour lui, cela devrait permettre de \u00ab\u00a0trouver ensemble des solutions viables au r\u00e9tablissement de la paix dans notre pays\u00a0\u00bb. Il a assur\u00e9 qu&rsquo;il ne m\u00e9nagerai aucun effort pour b\u00e2tir avec les siens une C\u00f4te d&rsquo;Ivoire d\u00e9mocratique o\u00f9 l&rsquo;Etat de droit reprend sa noble place. \u00a0<\/p>\n<p>\u00ab\u00a0Nous nourrissons tous l&rsquo;espoir insistant d&rsquo;une paix durable pour notre pays en proie \u00e0 des crises socio-politiques mortelles, sanglantes, depuis plus de deux d\u00e9cennies\u00a0\u00bb, a-t-il fait savoir, ajoutant que les blessures nous ont bris\u00e9s \u00e0 tel point que nous avons l&rsquo;obligation de faire de la paix une r\u00e9alit\u00e9 et un sacerdoce\u00a0\u00bb.\u00a0<\/p>\n<p>\u00ab\u00a0Cette esp\u00e9rance nouvelle, est le moteur de mon combat traduit par les nombreux appels au dialogue que j&rsquo;ai lanc\u00e9s, \u00e0 la communaut\u00e9 internationale ainsi qu&rsquo;au Chef de l&rsquo;Etat, avant et apr\u00e8s la derni\u00e8re crise \u00e9lectorale d&rsquo;octobre 2020\u00a0\u00bb, a-t-il dit.\u00a0<\/p>\n<p>Cet article <a rel=\"nofollow\" href=\"https:\/\/www.journalducameroun.com\/bedie-se-rejouit-de-la-reprise-du-dialogue-politique-ivoirien\/\">B\u00e9di\u00e9 se \u00ab\u00a0r\u00e9jouit\u00a0\u00bb de la reprise du dialogue politique ivoirien<\/a> est apparu en premier sur <a rel=\"nofollow\" href=\"https:\/\/www.journalducameroun.com\/\">Journal du Cameroun<\/a>.<\/p>\n<\/div>\n<p>Auteur: APA News<br \/>\n<a href=\"https:\/\/www.journalducameroun.com\/bedie-se-rejouit-de-la-reprise-du-dialogue-politique-ivoirien\/\">Cliquez ici pour lire l&rsquo;article depuis sa source.<\/a><\/p>\n","protected":false},"excerpt":{"rendered":"<p>Le pr\u00e9sident du Parti d\u00e9mocratique de C\u00f4te d&rsquo;Ivoire (Pdci), Henri Konan B\u00e9di\u00e9, se \u00ab\u00a0r\u00e9jouit\u00a0\u00bb de la reprise du dialogue politique ivoirien, dans un message de nouvel an. \u00ab\u00a0Je me r\u00e9jouis de l&rsquo;initiative du dialogue politique engag\u00e9 r\u00e9cemment par le gouvernement qui, je l&rsquo;esp\u00e8re, constituera une \u00e9tape constructive vers un dialogue inclusif qui prendra en compte [&hellip;]<\/p>\n","protected":false},"author":1965,"featured_media":0,"comment_status":"closed","ping_status":"closed","sticky":false,"template":"","format":"standard","meta":{"fifu_image_url":"https:\/\/www.journalducameroun.com\/wp-content\/uploads\/2022\/01\/16412230831008.jpg","fifu_image_alt":"B\u00e9di\u00e9 se \u00ab\u00a0r\u00e9jouit\u00a0\u00bb de la reprise du dialogue politique ivoirien","footnotes":""},"categories":[73,82],"tags":[],"class_list":["post-137621","post","type-post","status-publish","format-standard","hentry","category-actualite","category-cameroun"],"_links":{"self":[{"href":"https:\/\/linitiative.ca\/International\/wp-json\/wp\/v2\/posts\/137621","targetHints":{"allow":["GET"]}}],"collection":[{"href":"https:\/\/linitiative.ca\/International\/wp-json\/wp\/v2\/posts"}],"about":[{"href":"https:\/\/linitiative.ca\/International\/wp-json\/wp\/v2\/types\/post"}],"author":[{"embeddable":true,"href":"https:\/\/linitiative.ca\/International\/wp-json\/wp\/v2\/users\/1965"}],"replies":[{"embeddable":true,"href":"https:\/\/linitiative.ca\/International\/wp-json\/wp\/v2\/comments?post=137621"}],"version-history":[{"count":0,"href":"https:\/\/linitiative.ca\/International\/wp-json\/wp\/v2\/posts\/137621\/revisions"}],"wp:attachment":[{"href":"https:\/\/linitiative.ca\/International\/wp-json\/wp\/v2\/media?parent=137621"}],"wp:term":[{"taxonomy":"category","embeddable":true,"href":"https:\/\/linitiative.ca\/International\/wp-json\/wp\/v2\/categories?post=137621"},{"taxonomy":"post_tag","embeddable":true,"href":"https:\/\/linitiative.ca\/International\/wp-json\/wp\/v2\/tags?post=137621"}],"curies":[{"name":"wp","href":"https:\/\/api.w.org\/{rel}","templated":true}]}}