{"id":137623,"date":"2022-01-03T10:18:03","date_gmt":"2022-01-03T15:18:03","guid":{"rendered":"https:\/\/linitiative.ca\/International\/soro-sinterroge-sur-la-reconciliation-quon-lui-propose\/"},"modified":"2022-01-03T10:18:03","modified_gmt":"2022-01-03T15:18:03","slug":"soro-sinterroge-sur-la-reconciliation-quon-lui-propose","status":"publish","type":"post","link":"https:\/\/linitiative.ca\/International\/soro-sinterroge-sur-la-reconciliation-quon-lui-propose\/","title":{"rendered":"Soro s\u2019interroge sur la r\u00e9conciliation qu\u2019on lui propose"},"content":{"rendered":"<div>\n<p><img decoding=\"async\" width=\"1280\" height=\"853\" src=\"https:\/\/linitiative.ca\/International\/wp-content\/uploads\/sites\/23\/2022\/01\/16412230834719.jpg\" class=\"attachment-post-thumbnail size-post-thumbnail wp-post-image\" alt=\"\" loading=\"lazy\" srcset=\"https:\/\/linitiative.ca\/International\/wp-content\/uploads\/sites\/23\/2022\/01\/16412230834719.jpg 1280w, https:\/\/www.journalducameroun.com\/wp-content\/uploads\/2022\/01\/16412230834719-300x200.jpg 300w, https:\/\/www.journalducameroun.com\/wp-content\/uploads\/2022\/01\/16412230834719-1024x682.jpg 1024w, https:\/\/www.journalducameroun.com\/wp-content\/uploads\/2022\/01\/16412230834719-768x512.jpg 768w, https:\/\/www.journalducameroun.com\/wp-content\/uploads\/2022\/01\/16412230834719-660x440.jpg 660w, https:\/\/www.journalducameroun.com\/wp-content\/uploads\/2022\/01\/16412230834719-600x400.jpg 600w\" sizes=\"auto, (max-width: 1280px) 100vw, 1280px\"><\/p>\n<p>Depuis l&rsquo;exil, l&rsquo;ancien Premier ministre ivoirien, Guillaume Soro, s&rsquo;interroge sur la r\u00e9conciliation qu&rsquo;on lui propose dans son pays, la C\u00f4te d&rsquo;Ivoire.<\/p>\n<p>M. Soro s&rsquo;exprimait, \u00e0 la veille du nouvel an, dans un \u00e9change, en direct avec les adh\u00e9rents, militants et cadres de son mouvement GPS (G\u00e9n\u00e9rations et peuples solidaires), dissout par la justice ivoirienne. \u00a0<\/p>\n<p>\u00ab\u00a0Il faut une r\u00e9conciliation sinc\u00e8re. Quelle est cette r\u00e9conciliation qu&rsquo;on nous propose, lorsqu&rsquo;on pr\u00e9tend me condamner \u00e0 perp\u00e9tuit\u00e9, 20 ans pour une maison dont on dit que je suis un receleur\u00a0\u00bb, a dit M. Guillaume Soro.\u00a0<\/p>\n<p>\u00ab\u00a0Je rigole, parce que cette maison, je l&rsquo;ai depuis 2008, et \u00e0 l&rsquo;\u00e9poque Alassane (l&rsquo;actuel chef d&rsquo;Etat) \u00e9tait dans l&rsquo;opposition (&#8230;) Cette maison, ce n&rsquo;est que du mat\u00e9riel, \u00e7a ne m&rsquo;int\u00e9resse pas\u00a0\u00bb, a-t-il martel\u00e9.\u00a0<\/p>\n<p>\u00ab\u00a0Ce que je regrette dans ce que Alassane (Alassane Ouattara, actuel chef d&rsquo;Etat) fait, m\u00eame si c&rsquo;est 30 secondes qu&rsquo;il consid\u00e8re que je l&rsquo;ai aid\u00e9, cette maison, c&rsquo;est au temps de Gbagbo que je l&rsquo;ai acquise en ma qualit\u00e9 de Premier ministre\u00a0\u00bb, a-t-il lanc\u00e9. \u00a0<\/p>\n<p>Selon M. Soro, \u00ab\u00a0un ministre est venu nous proposer d&rsquo;acqu\u00e9rir une maison \u00e0 un peu plus de 1 milliard qui me reviendrait apr\u00e8s les fonctions (de Premier ministre). On a fait cette op\u00e9ration r\u00e9guli\u00e8re depuis 2008\u00a0\u00bb.<\/p>\n<p>\u00ab\u00a0Celui qui m&rsquo;a permis d&rsquo;avoir une r\u00e9sidence \u00e0 Abidjan s&rsquo;appelle Laurent Gbagbo (chef d&rsquo;alors) et celui qui vient me l&rsquo;arracher s&rsquo;appelle Alassane Ouattara\u00a0\u00bb, s&rsquo;est insurg\u00e9 M. Guillaume Soro, ancien pr\u00e9sident de l&rsquo;Assembl\u00e9e nationale ivoirienne.<\/p>\n<p>Refusant d&rsquo;int\u00e9grer le Rassemblement des Houphou\u00ebtistes pour la d\u00e9mocratie et la paix (Rhdp), le parti au pouvoir, \u00e0 sa cr\u00e9ation, M. Soro a d\u00e9missionn\u00e9 de son poste de pr\u00e9sident de l&rsquo;Assembl\u00e9e nationale.<\/p>\n<p>\u00ab\u00a0Je me suis battu, j&rsquo;ai \u00e9t\u00e9 porte-parole, pr\u00e9sident d&rsquo;une r\u00e9bellion qui a combattu Laurent Gbagbo. Et c&rsquo;est Alassane, au lieu de me donner 10 maisons, m&rsquo;arrache et me fait passer pour un receleur, il me criminalise, simplement parce que j&rsquo;ai dit que je n&rsquo;\u00e9tais pas d&rsquo;accord avec le Rhdp unifi\u00e9. Et sacril\u00e8ge, j&rsquo;ai os\u00e9 aller parer avec B\u00e9di\u00e9 (pr\u00e9sident du Pdci, ex-alli\u00e9 au pouvoir)\u00a0\u00bb, a-t-il poursuivi.<\/p>\n<p>\u00ab\u00a0Je suis d\u00e9bout malgr\u00e9 les vicissitudes, les p\u00e9rip\u00e9ties et les intemp\u00e9ries (&#8230;). Les grands hommes ont connu l&rsquo;exil, je suis \u00e0 mon troisi\u00e8me exil et je sais que je rentrerai t\u00f4t ou tard dans mon pays, gr\u00e2ce \u00e0 Dieu\u00a0\u00bb, a rassur\u00e9 l&rsquo;ancien Premier ministre.\u00a0<\/p>\n<p>\u00ab\u00a0Je vois beaucoup de personnes bavarder, on veut r\u00e9concilier Guillaume. Je ne suis pas contre la r\u00e9conciliation, je suis pour la r\u00e9conciliation, je suis un homme de r\u00e9conciliation\u00a0\u00bb, a-t-il ajout\u00e9, r\u00e9pondant \u00e0 plusieurs questions de ses partisans. \u00a0\u00a0<\/p>\n<p>Cette ann\u00e9e, M. Guillaume Soro a d\u00e9cid\u00e9 de ne pas faire un discours classique, mais de \u00ab\u00a0causer, d&rsquo;avoir un d\u00e9bat\u00a0\u00bb avec ses militants, et ce \u00ab\u00a0sans protocole\u00a0\u00bb, \u00e9changeant \u00e0 b\u00e2ton rompu avec des d\u00e9l\u00e9gations r\u00e9gionales GPS en C\u00f4te d&rsquo;Ivoire, d&rsquo;Europe, d&rsquo;Am\u00e9rique, de l&rsquo;Afrique et d&rsquo;Asie.<\/p>\n<p>Il a dit avoir une \u00ab\u00a0forte pens\u00e9e\u00a0\u00bb pour ses amis encore d\u00e9tenus, \u00ab\u00a0les prisonniers politiques de GPS, mais aussi tous les prisonniers politiques de l&rsquo;opposition (et) toute sa s\u00e9curit\u00e9 arbitrairement arr\u00eat\u00e9e\u00a0\u00bb. Leur incarc\u00e9ration constitue l&rsquo;une de ses pr\u00e9occupations.\u00a0<\/p>\n<p>\u00ab\u00a0Je vois la bataille que vous menez (&#8230;). C&rsquo;est parce que vous \u00eates d\u00e9bout que m\u00eame dans cet exil difficile, je suis aussi d\u00e9bout. Sachez que c&rsquo;est par l&rsquo;abn\u00e9gation et la r\u00e9silience, la pers\u00e9v\u00e9rance que l&rsquo;avenir continuera \u00e0 tendre la main \u00e0 GPS\u00a0\u00bb, a-t-il d\u00e9clar\u00e9.<\/p>\n<p>\u00ab\u00a0Achevons, ensemble l&rsquo;\u0153uvre que nous avons aussi ensemble initi\u00e9e. GPS vivra et GPS vaincra et logera au coeur des Ivoiriens\u00a0\u00bb, a lanc\u00e9 l&rsquo;ancien Premier ministre ivoirien, Guillaume Soro, \u00e0 l&rsquo;endroit de ses compatriotes.\u00a0<\/p>\n<p>Cet article <a rel=\"nofollow\" href=\"https:\/\/www.journalducameroun.com\/soro-sinterroge-sur-la-reconciliation-quon-lui-propose\/\">Soro s\u2019interroge sur la r\u00e9conciliation qu\u2019on lui propose<\/a> est apparu en premier sur <a rel=\"nofollow\" href=\"https:\/\/www.journalducameroun.com\/\">Journal du Cameroun<\/a>.<\/p>\n<\/div>\n<p>Auteur: APA News<br \/>\n<a href=\"https:\/\/www.journalducameroun.com\/soro-sinterroge-sur-la-reconciliation-quon-lui-propose\/\">Cliquez ici pour lire l&rsquo;article depuis sa source.<\/a><\/p>\n","protected":false},"excerpt":{"rendered":"<p>Depuis l&rsquo;exil, l&rsquo;ancien Premier ministre ivoirien, Guillaume Soro, s&rsquo;interroge sur la r\u00e9conciliation qu&rsquo;on lui propose dans son pays, la C\u00f4te d&rsquo;Ivoire. M. Soro s&rsquo;exprimait, \u00e0 la veille du nouvel an, dans un \u00e9change, en direct avec les adh\u00e9rents, militants et cadres de son mouvement GPS (G\u00e9n\u00e9rations et peuples solidaires), dissout par la justice ivoirienne. \u00a0 [&hellip;]<\/p>\n","protected":false},"author":1965,"featured_media":0,"comment_status":"closed","ping_status":"closed","sticky":false,"template":"","format":"standard","meta":{"fifu_image_url":"https:\/\/www.journalducameroun.com\/wp-content\/uploads\/2022\/01\/16412230834719.jpg","fifu_image_alt":"Soro s\u2019interroge sur la r\u00e9conciliation qu\u2019on lui propose","footnotes":""},"categories":[73,82],"tags":[],"class_list":["post-137623","post","type-post","status-publish","format-standard","hentry","category-actualite","category-cameroun"],"_links":{"self":[{"href":"https:\/\/linitiative.ca\/International\/wp-json\/wp\/v2\/posts\/137623","targetHints":{"allow":["GET"]}}],"collection":[{"href":"https:\/\/linitiative.ca\/International\/wp-json\/wp\/v2\/posts"}],"about":[{"href":"https:\/\/linitiative.ca\/International\/wp-json\/wp\/v2\/types\/post"}],"author":[{"embeddable":true,"href":"https:\/\/linitiative.ca\/International\/wp-json\/wp\/v2\/users\/1965"}],"replies":[{"embeddable":true,"href":"https:\/\/linitiative.ca\/International\/wp-json\/wp\/v2\/comments?post=137623"}],"version-history":[{"count":0,"href":"https:\/\/linitiative.ca\/International\/wp-json\/wp\/v2\/posts\/137623\/revisions"}],"wp:attachment":[{"href":"https:\/\/linitiative.ca\/International\/wp-json\/wp\/v2\/media?parent=137623"}],"wp:term":[{"taxonomy":"category","embeddable":true,"href":"https:\/\/linitiative.ca\/International\/wp-json\/wp\/v2\/categories?post=137623"},{"taxonomy":"post_tag","embeddable":true,"href":"https:\/\/linitiative.ca\/International\/wp-json\/wp\/v2\/tags?post=137623"}],"curies":[{"name":"wp","href":"https:\/\/api.w.org\/{rel}","templated":true}]}}