{"id":137625,"date":"2022-01-03T12:18:03","date_gmt":"2022-01-03T17:18:03","guid":{"rendered":"https:\/\/linitiative.ca\/International\/afsud-publication-du-rapport-denquete-sur-la-corruption\/"},"modified":"2022-01-03T12:18:03","modified_gmt":"2022-01-03T17:18:03","slug":"afsud-publication-du-rapport-denquete-sur-la-corruption","status":"publish","type":"post","link":"https:\/\/linitiative.ca\/International\/afsud-publication-du-rapport-denquete-sur-la-corruption\/","title":{"rendered":"Af\u2019Sud : publication du rapport d\u2019enqu\u00eate sur la corruption"},"content":{"rendered":"<div>\n<p><img decoding=\"async\" width=\"885\" height=\"498\" src=\"https:\/\/linitiative.ca\/International\/wp-content\/uploads\/sites\/23\/2022\/01\/16412302836729.jpg\" class=\"attachment-post-thumbnail size-post-thumbnail wp-post-image\" alt=\"\" loading=\"lazy\" srcset=\"https:\/\/linitiative.ca\/International\/wp-content\/uploads\/sites\/23\/2022\/01\/16412302836729.jpg 885w, https:\/\/www.journalducameroun.com\/wp-content\/uploads\/2022\/01\/16412302836729-300x169.jpg 300w, https:\/\/www.journalducameroun.com\/wp-content\/uploads\/2022\/01\/16412302836729-768x432.jpg 768w, https:\/\/www.journalducameroun.com\/wp-content\/uploads\/2022\/01\/16412302836729-780x440.jpg 780w, https:\/\/www.journalducameroun.com\/wp-content\/uploads\/2022\/01\/16412302836729-380x215.jpg 380w, https:\/\/www.journalducameroun.com\/wp-content\/uploads\/2022\/01\/16412302836729-160x90.jpg 160w, https:\/\/www.journalducameroun.com\/wp-content\/uploads\/2022\/01\/16412302836729-240x135.jpg 240w, https:\/\/www.journalducameroun.com\/wp-content\/uploads\/2022\/01\/16412302836729-782x440.jpg 782w, https:\/\/www.journalducameroun.com\/wp-content\/uploads\/2022\/01\/16412302836729-600x338.jpg 600w\" sizes=\"auto, (max-width: 885px) 100vw, 885px\"><\/p>\n<p>Le pr\u00e9sident de la Commission d&rsquo;enqu\u00eate et juge en chef par int\u00e9rim Raymond Zondo soumettra mardi au pr\u00e9sident Cyril Ramaphosa un premier rapport sur les conclusions de son panel sur la corruption au sommet de l&rsquo;Etat durant le mandat de l&rsquo;ancien pr\u00e9sident Jacob Zuma.\u00ab La remise de la premi\u00e8re partie du rapport aura lieu \u00e0 l&rsquo;Union Buildings de Pretoria \u00e0 15h30 (13h30 GMT) demain, le 4 janvier \u00bb, a indiqu\u00e9 la pr\u00e9sidence lundi.<\/p>\n<p>La deuxi\u00e8me partie devrait \u00eatre remise \u00e0 la fin du mois, et la derni\u00e8re partie sera pr\u00eate le mois prochain. Les plateformes num\u00e9riques de la pr\u00e9sidence diffuseront en direct la c\u00e9r\u00e9monie de remise, ajoute le communiqu\u00e9.<\/p>\n<p>Conform\u00e9ment \u00e0 une ordonnance du tribunal datant du 28 d\u00e9cembre 2021, le pr\u00e9sident a jusqu&rsquo;au 30 juin de cette ann\u00e9e pour soumettre le rapport au Parlement ainsi qu&rsquo;une indication de ses intentions concernant la mise en \u0153uvre des recommandations de la commission, a d\u00e9clar\u00e9 la pr\u00e9sidence.<\/p>\n<p>\u00ab Comme le pr\u00e9sident l&rsquo;a indiqu\u00e9 \u00e0 la Cour, ce n&rsquo;est qu&rsquo;une fois le dernier rapport re\u00e7u qu&rsquo;il sera possible d&rsquo;avoir une vision compl\u00e8te des implications du rapport et d&rsquo;\u00e9laborer un plan de mise en \u0153uvre des recommandations\u00a0\u00bb, a-t-elle ajout\u00e9.<\/p>\n<p>Toutefois, le gouvernement a annonc\u00e9 vendredi dernier que M. Ramaphosa avait d\u00e9cid\u00e9 que chaque partie du rapport serait rendue publique imm\u00e9diatement apr\u00e8s que la commission la lui ait soumise.<\/p>\n<p>Cet article <a rel=\"nofollow\" href=\"https:\/\/www.journalducameroun.com\/afsud-publication-du-rapport-denquete-sur-la-corruption\/\">Af\u2019Sud : publication du rapport d\u2019enqu\u00eate sur la corruption<\/a> est apparu en premier sur <a rel=\"nofollow\" href=\"https:\/\/www.journalducameroun.com\/\">Journal du Cameroun<\/a>.<\/p>\n<\/div>\n<p>Auteur: APA News<br \/>\n<a href=\"https:\/\/www.journalducameroun.com\/afsud-publication-du-rapport-denquete-sur-la-corruption\/\">Cliquez ici pour lire l&rsquo;article depuis sa source.<\/a><\/p>\n","protected":false},"excerpt":{"rendered":"<p>Le pr\u00e9sident de la Commission d&rsquo;enqu\u00eate et juge en chef par int\u00e9rim Raymond Zondo soumettra mardi au pr\u00e9sident Cyril Ramaphosa un premier rapport sur les conclusions de son panel sur la corruption au sommet de l&rsquo;Etat durant le mandat de l&rsquo;ancien pr\u00e9sident Jacob Zuma.\u00ab La remise de la premi\u00e8re partie du rapport aura lieu \u00e0 [&hellip;]<\/p>\n","protected":false},"author":1965,"featured_media":0,"comment_status":"closed","ping_status":"closed","sticky":false,"template":"","format":"standard","meta":{"fifu_image_url":"https:\/\/www.journalducameroun.com\/wp-content\/uploads\/2022\/01\/16412302836729.jpg","fifu_image_alt":"Af\u2019Sud : publication du rapport d\u2019enqu\u00eate sur la corruption","footnotes":""},"categories":[73,82],"tags":[],"class_list":["post-137625","post","type-post","status-publish","format-standard","hentry","category-actualite","category-cameroun"],"_links":{"self":[{"href":"https:\/\/linitiative.ca\/International\/wp-json\/wp\/v2\/posts\/137625","targetHints":{"allow":["GET"]}}],"collection":[{"href":"https:\/\/linitiative.ca\/International\/wp-json\/wp\/v2\/posts"}],"about":[{"href":"https:\/\/linitiative.ca\/International\/wp-json\/wp\/v2\/types\/post"}],"author":[{"embeddable":true,"href":"https:\/\/linitiative.ca\/International\/wp-json\/wp\/v2\/users\/1965"}],"replies":[{"embeddable":true,"href":"https:\/\/linitiative.ca\/International\/wp-json\/wp\/v2\/comments?post=137625"}],"version-history":[{"count":0,"href":"https:\/\/linitiative.ca\/International\/wp-json\/wp\/v2\/posts\/137625\/revisions"}],"wp:attachment":[{"href":"https:\/\/linitiative.ca\/International\/wp-json\/wp\/v2\/media?parent=137625"}],"wp:term":[{"taxonomy":"category","embeddable":true,"href":"https:\/\/linitiative.ca\/International\/wp-json\/wp\/v2\/categories?post=137625"},{"taxonomy":"post_tag","embeddable":true,"href":"https:\/\/linitiative.ca\/International\/wp-json\/wp\/v2\/tags?post=137625"}],"curies":[{"name":"wp","href":"https:\/\/api.w.org\/{rel}","templated":true}]}}