{"id":137639,"date":"2022-01-04T09:00:06","date_gmt":"2022-01-04T14:00:06","guid":{"rendered":"https:\/\/linitiative.ca\/International\/la-bcp-lance-a-dakhla-la-2e-promotion-du-programme-tamayouz\/"},"modified":"2022-01-04T09:00:06","modified_gmt":"2022-01-04T14:00:06","slug":"la-bcp-lance-a-dakhla-la-2e-promotion-du-programme-tamayouz","status":"publish","type":"post","link":"https:\/\/linitiative.ca\/International\/la-bcp-lance-a-dakhla-la-2e-promotion-du-programme-tamayouz\/","title":{"rendered":"La BCP lance \u00e0 Dakhla la 2e promotion  du programme Tamayouz"},"content":{"rendered":"<div>\n<p><img loading=\"lazy\" decoding=\"async\" width=\"300\" height=\"153\" src=\"https:\/\/linitiative.ca\/International\/wp-content\/uploads\/sites\/23\/2022\/01\/bcp-300x153-1.jpg\" class=\"attachment-medium size-medium wp-post-image\" alt=\"\" srcset=\"https:\/\/linitiative.ca\/International\/wp-content\/uploads\/sites\/23\/2022\/01\/bcp-300x153-1.jpg 300w, https:\/\/aujourdhui.ma\/wp-content\/uploads\/2020\/11\/bcp-274x140.jpg 274w, https:\/\/aujourdhui.ma\/wp-content\/uploads\/2020\/11\/bcp.jpg 746w, https:\/\/aujourdhui.ma\/wp-content\/uploads\/2020\/11\/bcp-165x84.jpg 165w, https:\/\/aujourdhui.ma\/wp-content\/uploads\/2020\/11\/bcp-702x358.jpg 702w\" sizes=\"auto, (max-width: 300px) 100vw, 300px\"><\/p>\n<p><span style=\"font-size: 20px; color: #800000;\"><strong>Elle est compos\u00e9e d\u2019une quarantaine de jeunes porteurs de projets<\/strong><\/span><span id=\"more-396650\"><\/span><\/p>\n<p>Lanc\u00e9 en juillet dernier, le programme int\u00e9gr\u00e9 d\u2019accompagnement Tamayouz pour la promoti4on et le financement des initiatives entrepreneuriales a accueilli r\u00e9cemment sa deuxi\u00e8me promotion compos\u00e9e d\u2019une quarantaine de jeunes porteurs de projets.<br \/>\nLes candidats de la deuxi\u00e8me promotion de ce programme ont ainsi proc\u00e9d\u00e9 \u00e0 la pr\u00e9sentation de leurs projets respectifs pour convaincre un jury compos\u00e9 de repr\u00e9sentants du Centre r\u00e9gional d\u2019investissement (CRI), de l\u2019Agence nationale de promotion de l\u2019emploi et des comp\u00e9tences (ANAPEC) et de la Fondation cr\u00e9ation d\u2019entreprises du groupe Banque Centrale Populaire (BCP). Les porteurs de projets retenus dans le cadre de la deuxi\u00e8me promotion de ce programme vont b\u00e9n\u00e9ficier du financement \u00e0 hauteur de 70% par la Banque populaire, de l\u2019assistance technique et de l\u2019accompagnement n\u00e9cessaire dispens\u00e9 par le CRI, de la phase d\u2019id\u00e9ation jusqu\u2019\u00e0 la cr\u00e9ation et la p\u00e9rennisation de leurs entreprises.<\/p>\n<p>A noter qu\u2019une convention de partenariat a \u00e9t\u00e9 sign\u00e9e en d\u00e9but juin \u00e0 Dakhla entre le CRI, l\u2019Anapec, la Fondation cr\u00e9ation d\u2019entreprises et le directoire de la Banque populaire La\u00e2youne pour la mise en place du programme Tamayouz portant sur le cadrage de l\u2019id\u00e9e de d\u00e9part jusqu\u2019\u00e0 l\u2019aide au montage du dossier de financement. Ce programme tend aussi \u00e0 organiser des sessions de formation sur les techniques d\u2019\u00e9laboration du business plan et du business model en faveur des porteurs de projets pr\u00e9s\u00e9lectionn\u00e9s et des s\u00e9ances d\u2019assistance personnalis\u00e9e, ainsi que la mise en place d\u2019un programme d\u2019accompagnement post-cr\u00e9ation en faveur des porteurs ayant concr\u00e9tis\u00e9 leurs projets, en plus d\u2019un r\u00e9seau de ces porteurs de projets.<\/p>\n<p>Ciblant les porteurs de projets pouvant b\u00e9n\u00e9ficier d\u2019un financement dans le cadre du programme int\u00e9gr\u00e9 d\u2019appui et de financement des entreprises (PIAFE), le programme Tamayouz vise \u00e0 promouvoir l\u2019esprit entrepreneurial dans la r\u00e9gion, \u00e0 travers l\u2019accompagnement et la formation des porteurs de projets durant l\u2019ensemble des phases de leurs projets, et qui a \u00e9t\u00e9 initi\u00e9 pour accompagner les porteurs de projets, notamment dans le volet de l\u2019appui et de l\u2019accompagnement, \u00e0 travers une coordination d\u2019actions au niveau r\u00e9gional.<br \/>\nEn effet, ce programme a \u00e9t\u00e9 lanc\u00e9 en marge de la cinqui\u00e8me \u00e9tape du roadshow \u00abLes R\u00e9gionales de l\u2019investissement\u00bb initi\u00e9 par le Groupe de la Banque populaire et d\u00e9di\u00e9 \u00e0 la relance \u00e9conomique des r\u00e9gions du Royaume, et qui a permis de mettre en avant les atouts et les opportunit\u00e9s sectorielles de la r\u00e9gion Dakhla-Oued Eddahab ainsi que de pr\u00e9senter les m\u00e9canismes d\u2019appui, les solutions de financement et d\u2019accompagnement mises \u00e0 la disposition des op\u00e9rateurs \u00e9conomiques.<\/p>\n<p>Cette initiative s\u2019inscrit pleinement dans le cadre des initiatives mises en place par l\u2019Etat, notamment \u00e0 travers le lancement du Fonds Mohammed VI pour l\u2019investissement, la promotion de la banque de projets ainsi que les mesures et programmes visant la d\u00e9carbonisation industrielle et la promotion de l\u2019innovation.<\/p>\n<\/div>\n<p>Auteur: Mohamed Laabid<br \/>\n<a href=\"https:\/\/aujourdhui.ma\/economie\/la-bcp-lance-a-dakhla-la-2e-promotion-du-programme-tamayouz\">Cliquez ici pour lire l&rsquo;article depuis sa source.<\/a><\/p>\n","protected":false},"excerpt":{"rendered":"<p>Elle est compos\u00e9e d\u2019une quarantaine de jeunes porteurs de projets Lanc\u00e9 en juillet dernier, le programme int\u00e9gr\u00e9 d\u2019accompagnement Tamayouz pour la promoti4on et le financement des initiatives entrepreneuriales a accueilli r\u00e9cemment sa deuxi\u00e8me promotion compos\u00e9e d\u2019une quarantaine de jeunes porteurs de projets. Les candidats de la deuxi\u00e8me promotion de ce programme ont ainsi proc\u00e9d\u00e9 \u00e0 [&hellip;]<\/p>\n","protected":false},"author":1759,"featured_media":0,"comment_status":"closed","ping_status":"closed","sticky":false,"template":"","format":"standard","meta":{"fifu_image_url":"https:\/\/aujourdhui.ma\/wp-content\/uploads\/2020\/11\/bcp-300x153.jpg","fifu_image_alt":"La BCP lance \u00e0 Dakhla la 2e promotion  du programme Tamayouz","footnotes":""},"categories":[73,54],"tags":[],"class_list":["post-137639","post","type-post","status-publish","format-standard","hentry","category-actualite","category-maroc"],"_links":{"self":[{"href":"https:\/\/linitiative.ca\/International\/wp-json\/wp\/v2\/posts\/137639","targetHints":{"allow":["GET"]}}],"collection":[{"href":"https:\/\/linitiative.ca\/International\/wp-json\/wp\/v2\/posts"}],"about":[{"href":"https:\/\/linitiative.ca\/International\/wp-json\/wp\/v2\/types\/post"}],"author":[{"embeddable":true,"href":"https:\/\/linitiative.ca\/International\/wp-json\/wp\/v2\/users\/1759"}],"replies":[{"embeddable":true,"href":"https:\/\/linitiative.ca\/International\/wp-json\/wp\/v2\/comments?post=137639"}],"version-history":[{"count":0,"href":"https:\/\/linitiative.ca\/International\/wp-json\/wp\/v2\/posts\/137639\/revisions"}],"wp:attachment":[{"href":"https:\/\/linitiative.ca\/International\/wp-json\/wp\/v2\/media?parent=137639"}],"wp:term":[{"taxonomy":"category","embeddable":true,"href":"https:\/\/linitiative.ca\/International\/wp-json\/wp\/v2\/categories?post=137639"},{"taxonomy":"post_tag","embeddable":true,"href":"https:\/\/linitiative.ca\/International\/wp-json\/wp\/v2\/tags?post=137639"}],"curies":[{"name":"wp","href":"https:\/\/api.w.org\/{rel}","templated":true}]}}