{"id":137648,"date":"2022-01-03T13:00:00","date_gmt":"2022-01-03T18:00:00","guid":{"rendered":"https:\/\/linitiative.ca\/International\/le-forum-parite-et-egalite-appelle-a-sevir\/"},"modified":"2022-01-03T13:00:00","modified_gmt":"2022-01-03T18:00:00","slug":"le-forum-parite-et-egalite-appelle-a-sevir","status":"publish","type":"post","link":"https:\/\/linitiative.ca\/International\/le-forum-parite-et-egalite-appelle-a-sevir\/","title":{"rendered":"Le Forum Parit\u00e9 et Egalit\u00e9 appelle \u00e0 s\u00e9vir"},"content":{"rendered":"<div>\n<p class=\"has-text-align-center has-vivid-red-color has-text-color\"><strong><u>Sexe contre bonnes notes<\/u><\/strong><\/p>\n<p class=\"has-black-color has-text-color\"><strong>Tout en condamnant fermement les actes de harc\u00e8lement sexuel \u00e0 l\u2019universit\u00e9, d\u00e9voil\u00e9s r\u00e9cemment, le Forum Parit\u00e9 et Egalit\u00e9 (FPE), une organisation parall\u00e8le du Parti du Progr\u00e8s et du Socialisme en appelle \u00e0 toutes les parties, aux autorit\u00e9s et aux institutions concern\u00e9es pour \u00a0approfondir les enqu\u00eates, s\u00e9vir l\u00e9galement contre les auteurs et assurer la protection et l\u2019accompagnement des victimes.<\/strong><\/p>\n<p class=\"has-black-color has-text-color\"><strong>R\u00e9agissant dans un communiqu\u00e9 aux nouvelles faisant \u00e9tat d\u2019une telle d\u00e9rive en milieu universitaire, dite \u00ab\u00a0sexe contre notes\u00a0\u00bb, le FPE indique qu\u2019il suit avec inqui\u00e9tude la situation et qu\u2019il condamne vigoureusement les auteurs de tels actes.<\/strong><\/p>\n<p class=\"has-black-color has-text-color\"><strong>Selon le forum, la multiplication de tels actes, commis \u00e0 l\u2019int\u00e9rieur de l\u2019universit\u00e9, sens\u00e9e \u00eatre un campus et un lieu phare du savoir, de la connaissance, de la culture, de l\u2019illumination et de la loi interpelle la soci\u00e9t\u00e9 \u00e0 propos de la d\u00e9gradation de la situation des femmes marocaines et de ce qu\u2019elles endurent du harc\u00e8lement sexuel dans d\u2019autres espaces (voie publique, lieux de travail, travailleuses domestiques, travailleuses agricoles et industrielles).<\/strong><\/p>\n<p class=\"has-black-color has-text-color\"><strong>Ces crimes dits \u00ab\u00a0sexe contre notes\u00a0\u00bb, qui ne diff\u00e9rent en fait en rien des autres crimes de harc\u00e8lement sexuel commis ailleurs, ont de graves cons\u00e9quences psychologiques, professionnelles, sociales et \u00e9conomiques, note le Forum Parit\u00e9 et Egalit\u00e9, qui appelle toutes les femmes \u00e0 faire preuve de courage et \u00e0 d\u00e9voiler et d\u00e9noncer les actes discriminatoires dont elles sont victimes en raison de leur sexe.<\/strong><\/p>\n<p class=\"has-black-color has-text-color\"><strong>Dans son communiqu\u00e9, le forum rappelle que d\u2019importants acquis ont \u00e9t\u00e9 r\u00e9alis\u00e9s au Maroc au niveau notamment des lois relatives \u00e0 la parit\u00e9, l\u2019\u00e9galit\u00e9, la lutte contre les formes de discrimination et en mati\u00e8re de criminalisation de la violence et du harc\u00e8lement, notant que de tels efforts risquent toutefois de rester infructueux s\u2019ils ne sont pas suivis d\u2019application et si le mouvement d\u00e9mocratique f\u00e9minin n\u2019y joue pas son r\u00f4le central. Et ce dans le but de cr\u00e9er le changement culturel requis dans la soci\u00e9t\u00e9 et d\u2019aider l\u2019ensemble des couches sociales \u00e0 prendre conscience que l\u2019\u00e9galit\u00e9 femme-homme est une bataille d\u00e9cisive que le pays doit gagner pour la r\u00e9alisation du progr\u00e8s, du d\u00e9veloppement et de la d\u00e9mocratie.<\/strong><\/p>\n<p class=\"has-black-color has-text-color\"><strong>Plusieurs autres organisations de la soci\u00e9t\u00e9 civile ont \u00e9galement d\u00e9nonc\u00e9 de telles ignominies et actes abjects au sein de l\u2019universit\u00e9 marocaine.<\/strong><\/p>\n<p class=\"has-black-color has-text-color\"><strong>La semaine derni\u00e8re, le minist\u00e8re de l\u2019enseignement sup\u00e9rieur avait suspendu 5 professeurs universitaires, accus\u00e9s de \u00ab\u00a0harc\u00e8lement et exploitation sexuels\u00a0\u00bb \u00e0 Settat et Oujda.<\/strong><\/p>\n<p class=\"has-black-color has-text-color\"><strong>M\u2019Barek TAFSI<\/strong><\/p>\n<p>L\u2019article <a rel=\"nofollow\" href=\"http:\/\/albayane.press.ma\/le-forum-parite-et-egalite-appelle-a-sevir.html\">Le Forum Parit\u00e9 et Egalit\u00e9 appelle \u00e0 s\u00e9vir<\/a> est apparu en premier sur <a rel=\"nofollow\" href=\"http:\/\/albayane.press.ma\/\">ALBAYANE<\/a>.<\/p>\n<\/div>\n<p>Auteur: M&rsquo;hammed rahal<br \/>\n<a href=\"http:\/\/albayane.press.ma\/le-forum-parite-et-egalite-appelle-a-sevir.html\">Cliquez ici pour lire l&rsquo;article depuis sa source.<\/a><\/p>\n","protected":false},"excerpt":{"rendered":"<p>Sexe contre bonnes notes Tout en condamnant fermement les actes de harc\u00e8lement sexuel \u00e0 l\u2019universit\u00e9, d\u00e9voil\u00e9s r\u00e9cemment, le Forum Parit\u00e9 et Egalit\u00e9 (FPE), une organisation parall\u00e8le du Parti du Progr\u00e8s et du Socialisme en appelle \u00e0 toutes les parties, aux autorit\u00e9s et aux institutions concern\u00e9es pour \u00a0approfondir les enqu\u00eates, s\u00e9vir l\u00e9galement contre les auteurs et [&hellip;]<\/p>\n","protected":false},"author":1760,"featured_media":0,"comment_status":"closed","ping_status":"closed","sticky":false,"template":"","format":"standard","meta":{"fifu_image_url":"","fifu_image_alt":"","footnotes":""},"categories":[73,54],"tags":[],"class_list":["post-137648","post","type-post","status-publish","format-standard","hentry","category-actualite","category-maroc"],"_links":{"self":[{"href":"https:\/\/linitiative.ca\/International\/wp-json\/wp\/v2\/posts\/137648","targetHints":{"allow":["GET"]}}],"collection":[{"href":"https:\/\/linitiative.ca\/International\/wp-json\/wp\/v2\/posts"}],"about":[{"href":"https:\/\/linitiative.ca\/International\/wp-json\/wp\/v2\/types\/post"}],"author":[{"embeddable":true,"href":"https:\/\/linitiative.ca\/International\/wp-json\/wp\/v2\/users\/1760"}],"replies":[{"embeddable":true,"href":"https:\/\/linitiative.ca\/International\/wp-json\/wp\/v2\/comments?post=137648"}],"version-history":[{"count":0,"href":"https:\/\/linitiative.ca\/International\/wp-json\/wp\/v2\/posts\/137648\/revisions"}],"wp:attachment":[{"href":"https:\/\/linitiative.ca\/International\/wp-json\/wp\/v2\/media?parent=137648"}],"wp:term":[{"taxonomy":"category","embeddable":true,"href":"https:\/\/linitiative.ca\/International\/wp-json\/wp\/v2\/categories?post=137648"},{"taxonomy":"post_tag","embeddable":true,"href":"https:\/\/linitiative.ca\/International\/wp-json\/wp\/v2\/tags?post=137648"}],"curies":[{"name":"wp","href":"https:\/\/api.w.org\/{rel}","templated":true}]}}