{"id":137649,"date":"2022-01-03T13:00:00","date_gmt":"2022-01-03T18:00:00","guid":{"rendered":"https:\/\/linitiative.ca\/International\/une-commission-pour-valider-la-competence-professionnelle\/"},"modified":"2022-01-03T13:00:00","modified_gmt":"2022-01-03T18:00:00","slug":"une-commission-pour-valider-la-competence-professionnelle","status":"publish","type":"post","link":"https:\/\/linitiative.ca\/International\/une-commission-pour-valider-la-competence-professionnelle\/","title":{"rendered":"Une commission pour valider la comp\u00e9tence professionnelle"},"content":{"rendered":"<div>\n<p class=\"has-text-align-center has-vivid-red-color has-text-color\"><strong>Guide de tourisme<\/strong><\/p>\n<p class=\"has-black-color has-text-color\"><strong>Le dernier Conseil de gouvernement, a approuv\u00e9 le projet de d\u00e9cret n\u00b0 2.21.1058 modifiant le d\u00e9cret n\u00b0 2.14.553 du 1er Ramadan 1436 (18 juin 2015) portant application de la loi n\u00b005.12 relative \u00e0 l\u2019organisation de la profession de guide de tourisme.<\/strong><\/p>\n<p class=\"has-black-color has-text-color\">Pr\u00e9sent\u00e9 par la ministre du Tourisme, de l\u2019Artisanat et de l\u2019\u00c9conomie sociale et solidaire, Fatima-Zahra Ammor, ce projet s\u2019inscrit dans le cadre de la poursuite de la r\u00e9forme r\u00e9glementaire de cette profession et de la mise en \u0153uvre des orientations du Roi Mohammed VI.<\/p>\n<p class=\"has-black-color has-text-color\">Le texte vise ainsi \u00e0 favoriser la cr\u00e9ation d\u2019emplois pour les jeunes et \u00e0 offrir aux personnes disposant d\u2019une exp\u00e9rience dans le secteur informel la possibilit\u00e9 de s\u2019int\u00e9grer dans le secteur formel \u00e0 travers la valorisation de leurs exp\u00e9riences et comp\u00e9tences.<\/p>\n<p class=\"has-black-color has-text-color\">Dans le cadre de la politique de d\u00e9concentration administrative men\u00e9e par le gouvernement, ce projet de d\u00e9cret a pour objectif de r\u00e9viser la proc\u00e9dure de r\u00e9gularisation de la situation des personnes ayant des comp\u00e9tences de terrain mais ne disposant pas de la condition de formation requise pour acc\u00e9der \u00e0 la profession de guide de tourisme et ce, via la cr\u00e9ation d\u2019une commission au niveau r\u00e9gional charg\u00e9e d\u2019\u00e9valuer et d\u2019\u00e9tablir la liste d\u00e9finitive des candidats retenus \u00e0 l\u2019examen de comp\u00e9tence professionnelle.<\/p>\n<p class=\"has-black-color has-text-color\">Ce texte apporte des amendements au d\u00e9cret pr\u00e9cit\u00e9, dont le transfert d\u2019une partie des pr\u00e9rogatives de l\u2019administration centrale en charge du Tourisme aux responsables r\u00e9gionaux afin de leur permettre de remplir pleinement leur r\u00f4le, notamment en ce qui concerne la prise de d\u00e9cisions n\u00e9cessaires en mati\u00e8re d\u2019octroi ou de retrait de l\u2019agr\u00e9ment d\u2019exercice de la profession de guide de tourisme.<\/p>\n<p class=\"has-black-color has-text-color\">Il s\u2019agit aussi de faire des d\u00e9l\u00e9gations relevant du secteur du tourisme le premier et principal acteur dans la gestion de toutes les d\u00e9marches et proc\u00e9dures, outre la suppression du comit\u00e9 technique consultatif des guides de tourisme.<\/p>\n<p>L\u2019article <a rel=\"nofollow\" href=\"http:\/\/albayane.press.ma\/une-commission-pour-valider-la-competence-professionnelle.html\">Une commission pour valider la comp\u00e9tence professionnelle<\/a> est apparu en premier sur <a rel=\"nofollow\" href=\"http:\/\/albayane.press.ma\/\">ALBAYANE<\/a>.<\/p>\n<\/div>\n<p>Auteur: M&rsquo;hammed rahal<br \/>\n<a href=\"http:\/\/albayane.press.ma\/une-commission-pour-valider-la-competence-professionnelle.html\">Cliquez ici pour lire l&rsquo;article depuis sa source.<\/a><\/p>\n","protected":false},"excerpt":{"rendered":"<p>Guide de tourisme Le dernier Conseil de gouvernement, a approuv\u00e9 le projet de d\u00e9cret n\u00b0 2.21.1058 modifiant le d\u00e9cret n\u00b0 2.14.553 du 1er Ramadan 1436 (18 juin 2015) portant application de la loi n\u00b005.12 relative \u00e0 l\u2019organisation de la profession de guide de tourisme. Pr\u00e9sent\u00e9 par la ministre du Tourisme, de l\u2019Artisanat et de l\u2019\u00c9conomie [&hellip;]<\/p>\n","protected":false},"author":1760,"featured_media":0,"comment_status":"closed","ping_status":"closed","sticky":false,"template":"","format":"standard","meta":{"fifu_image_url":"","fifu_image_alt":"","footnotes":""},"categories":[73,54],"tags":[],"class_list":["post-137649","post","type-post","status-publish","format-standard","hentry","category-actualite","category-maroc"],"_links":{"self":[{"href":"https:\/\/linitiative.ca\/International\/wp-json\/wp\/v2\/posts\/137649","targetHints":{"allow":["GET"]}}],"collection":[{"href":"https:\/\/linitiative.ca\/International\/wp-json\/wp\/v2\/posts"}],"about":[{"href":"https:\/\/linitiative.ca\/International\/wp-json\/wp\/v2\/types\/post"}],"author":[{"embeddable":true,"href":"https:\/\/linitiative.ca\/International\/wp-json\/wp\/v2\/users\/1760"}],"replies":[{"embeddable":true,"href":"https:\/\/linitiative.ca\/International\/wp-json\/wp\/v2\/comments?post=137649"}],"version-history":[{"count":0,"href":"https:\/\/linitiative.ca\/International\/wp-json\/wp\/v2\/posts\/137649\/revisions"}],"wp:attachment":[{"href":"https:\/\/linitiative.ca\/International\/wp-json\/wp\/v2\/media?parent=137649"}],"wp:term":[{"taxonomy":"category","embeddable":true,"href":"https:\/\/linitiative.ca\/International\/wp-json\/wp\/v2\/categories?post=137649"},{"taxonomy":"post_tag","embeddable":true,"href":"https:\/\/linitiative.ca\/International\/wp-json\/wp\/v2\/tags?post=137649"}],"curies":[{"name":"wp","href":"https:\/\/api.w.org\/{rel}","templated":true}]}}