{"id":137650,"date":"2022-01-03T13:00:00","date_gmt":"2022-01-03T18:00:00","guid":{"rendered":"https:\/\/linitiative.ca\/International\/le-droit-de-jubiler-lequipe-nationale\/"},"modified":"2022-01-03T13:00:00","modified_gmt":"2022-01-03T18:00:00","slug":"le-droit-de-jubiler-lequipe-nationale","status":"publish","type":"post","link":"https:\/\/linitiative.ca\/International\/le-droit-de-jubiler-lequipe-nationale\/","title":{"rendered":"Le droit de jubiler l\u2019\u00e9quipe nationale"},"content":{"rendered":"<div>\n<p class=\"has-black-color has-text-color\"><strong>La s\u00e9lection nationale de football s\u2019en va une fois encore, tenter la chance de d\u00e9crocher la Coupe d\u2019Afrique des Nations (CAN). Apr\u00e8s celle de 1976, en \u00c9thiopie, depuis, jamais notre pays n\u2019a pu lever ce troph\u00e9e. Une disette de cons\u00e9cration qui a dur\u00e9 45 ans ne serait sans doute pas un bilan digne d\u2019une grande nation dont les conditions de faire bien mieux sont r\u00e9unies, il y a belle lurette. En fait, hormis la CAN de 2004 en Tunisie o\u00f9 les poulains d\u2019un certain Zaki ont atteint la finale, le palmar\u00e8s du pays est affreusement modique. Avec celle de basketball en 2001 \u00e0 domicile, notre pays n\u2019en a gagn\u00e9 alors, en tout et pour tout, que deux, toutes branches collectives confondues, alors que des nations comme l\u2018\u00c9gypte et la Tunisie, \u00e0 titre indicatif, en ont rafl\u00e9 26, pour \u00a0chacune. De quoi se tirer les cheveux, face \u00e0 cette faiblesse qui ne dit pas son nom\u00a0! Le ver est alors dans le fruit, si l\u2019on sait qu\u2019on avait inject\u00e9 des milliards de dirhams \u00e0 monter des infrastructures de haut standing, pour s\u2019en trouver, en fin de compte, avec des comptes aussi d\u00e9cevants. Pire encore, le championnat \u00a0qu\u2019on appelle \u00ab\u00a0Botola Pro\u00a0\u00bb ne produit plus aucun \u00e9l\u00e9ment en mesure de rivaliser avec les homologues un peu partout ailleurs. A peine un \u00e9l\u00e9ment de nos clubs \u00e9merge-t-il du lot, qu\u2019il est de sit\u00f4t cueilli par les tentacules du Golf, \u00e0 des prix d\u00e9risoires, sachant la proie, cruellement sous pay\u00e9e dans son \u00e9quipe de formation, n\u2019h\u00e9sitera jamais \u00e0 d\u00e9cliner cette offre juteuse. D\u2019autre part et vu ces d\u00e9parts r\u00e9p\u00e9titifs qui affaiblissent le tournoi national, d\u2019autres facteurs nuisent \u00e0 l\u2019\u00e9volution saine des acteurs, tel que la programmation qui laisse \u00e0 d\u00e9sirer puisqu\u2019on se retrouve souvent avec des journ\u00e9es ajourn\u00e9es pour des mois et l\u2019arbitrage d\u00e9faillant, quoique assist\u00e9 par la formule du VAR. On se vantera d\u2019avoir des stades de belle facture et tout ce qui s\u2019y apparente, \u00e0 tel point qu\u2019ils constituent pour une bonne partie des s\u00e9lections nationales africaines de destinations pour leurs matchs de qualification. Oui, mais servent \u00e0 rehausser le niveau de notre football en vue de rivaliser avec ses pairs sur la plan\u00e8te. Or, plus on y \u00a0investit, plus on manque de niveau\u00a0! On se souvient, quand on n\u2019avait pas toute cette panoplie d\u2019aires de jeu homologu\u00e9es, notre pays regorgeait de p\u00e9pites de hauts talents. Et ce n\u2019est pas le nom de ses stars qui vont nous \u00a0\u00e9chapper\u00a0! Ils restent grav\u00e9s dans l\u2019esprit des populations\u2026 Le peuple marocain a le droit d\u2019\u00eatre fier, d\u2019\u00e9prouver la joie de vaincre et de voir flotter son drapeau, \u00e0 travers la s\u00e9lection nationale, lors des comp\u00e9titions africaines. C\u2019est un \u00abch\u00e2timent\u00bb que de le frustrer et de le d\u00e9poss\u00e9der de ce droit l\u00e9gitime, \u00e0 chaque fois, pour des gestions d\u00e9sastreuses de notre\u00a0 football national. C\u2019est aussi une \u00abhonte\u00bb que de froisser son sentiment d\u2019appartenance, \u00a0par des d\u00e9sillusions accablantes\u00a0!<\/strong><\/p>\n<p>L\u2019article <a rel=\"nofollow\" href=\"http:\/\/albayane.press.ma\/le-droit-de-jubiler-lequipe-nationale.html\">Le droit de jubiler l\u2019\u00e9quipe nationale<\/a> est apparu en premier sur <a rel=\"nofollow\" href=\"http:\/\/albayane.press.ma\/\">ALBAYANE<\/a>.<\/p>\n<\/div>\n<p>Auteur: M&rsquo;hammed rahal<br \/>\n<a href=\"http:\/\/albayane.press.ma\/le-droit-de-jubiler-lequipe-nationale.html\">Cliquez ici pour lire l&rsquo;article depuis sa source.<\/a><\/p>\n","protected":false},"excerpt":{"rendered":"<p>La s\u00e9lection nationale de football s\u2019en va une fois encore, tenter la chance de d\u00e9crocher la Coupe d\u2019Afrique des Nations (CAN). Apr\u00e8s celle de 1976, en \u00c9thiopie, depuis, jamais notre pays n\u2019a pu lever ce troph\u00e9e. Une disette de cons\u00e9cration qui a dur\u00e9 45 ans ne serait sans doute pas un bilan digne d\u2019une grande [&hellip;]<\/p>\n","protected":false},"author":1760,"featured_media":0,"comment_status":"closed","ping_status":"closed","sticky":false,"template":"","format":"standard","meta":{"fifu_image_url":"","fifu_image_alt":"","footnotes":""},"categories":[73,54],"tags":[],"class_list":["post-137650","post","type-post","status-publish","format-standard","hentry","category-actualite","category-maroc"],"_links":{"self":[{"href":"https:\/\/linitiative.ca\/International\/wp-json\/wp\/v2\/posts\/137650","targetHints":{"allow":["GET"]}}],"collection":[{"href":"https:\/\/linitiative.ca\/International\/wp-json\/wp\/v2\/posts"}],"about":[{"href":"https:\/\/linitiative.ca\/International\/wp-json\/wp\/v2\/types\/post"}],"author":[{"embeddable":true,"href":"https:\/\/linitiative.ca\/International\/wp-json\/wp\/v2\/users\/1760"}],"replies":[{"embeddable":true,"href":"https:\/\/linitiative.ca\/International\/wp-json\/wp\/v2\/comments?post=137650"}],"version-history":[{"count":0,"href":"https:\/\/linitiative.ca\/International\/wp-json\/wp\/v2\/posts\/137650\/revisions"}],"wp:attachment":[{"href":"https:\/\/linitiative.ca\/International\/wp-json\/wp\/v2\/media?parent=137650"}],"wp:term":[{"taxonomy":"category","embeddable":true,"href":"https:\/\/linitiative.ca\/International\/wp-json\/wp\/v2\/categories?post=137650"},{"taxonomy":"post_tag","embeddable":true,"href":"https:\/\/linitiative.ca\/International\/wp-json\/wp\/v2\/tags?post=137650"}],"curies":[{"name":"wp","href":"https:\/\/api.w.org\/{rel}","templated":true}]}}