{"id":137659,"date":"2022-01-04T08:57:03","date_gmt":"2022-01-04T13:57:03","guid":{"rendered":"https:\/\/linitiative.ca\/International\/proliferation-des-cas-omicron-1er-deces-lie-au-nouveau-variant\/"},"modified":"2022-01-04T08:57:03","modified_gmt":"2022-01-04T13:57:03","slug":"proliferation-des-cas-omicron-1er-deces-lie-au-nouveau-variant","status":"publish","type":"post","link":"https:\/\/linitiative.ca\/International\/proliferation-des-cas-omicron-1er-deces-lie-au-nouveau-variant\/","title":{"rendered":"Prolif\u00e9ration des cas Omicron, 1er d\u00e9c\u00e8s li\u00e9 au nouveau variant"},"content":{"rendered":"<div>\n<div style=\"margin-bottom:20px;\"><img loading=\"lazy\" decoding=\"async\" width=\"750\" height=\"430\" src=\"https:\/\/linitiative.ca\/International\/wp-content\/uploads\/sites\/23\/2022\/01\/mouad-copier.jpg\" class=\"attachment-post-thumbnail size-post-thumbnail wp-post-image\" alt=\"\" srcset=\"https:\/\/linitiative.ca\/International\/wp-content\/uploads\/sites\/23\/2022\/01\/mouad-copier.jpg 750w, https:\/\/www.mapmarrakech.ma\/map\/uploads\/2022\/01\/mouad-copier-300x172.jpg 300w\" sizes=\"auto, (max-width: 750px) 100vw, 750px\"><\/div>\n<p>Le d\u00e9c\u00e8s concerne une femme \u00e2g\u00e9e qui n\u2019avait pas encore re\u00e7u la troisi\u00e8me dose de rappel du vaccin anti-Covid, sachant que 7 autres personnes contamin\u00e9es par ce variant ont \u00e9t\u00e9 admises aux services de r\u00e9animation et de soins intensifs, a-t-on pr\u00e9cis\u00e9 dans le bilan bimensuel de la situation \u00e9pid\u00e9mique au Maroc (20 d\u00e9cembre 2021\/3 janvier 2022), tel que pr\u00e9sent\u00e9 par le coordonnateur du Centre national des op\u00e9rations d\u2019urgence de sant\u00e9 publique, Mouad Mrabet.<\/p>\n<p>Le Maroc connait, depuis trois semaines, la troisi\u00e8me vague de transmission communautaire, a-t-il affirm\u00e9, notant que les indicateurs montrent que cette vague se caract\u00e9rise par \u00ab\u00a0une grande variation hebdomadaire du nombre de cas\u00a0\u00bb.<\/p>\n<p>Le taux de variation \u00e9tait de 50% durant la premi\u00e8re semaine, puis de 150% la deuxi\u00e8me semaine, pour atteindre une augmentation de 222,5% au cours de la troisi\u00e8me avec le recensement de 10.658 cas, a d\u00e9taill\u00e9 M. Mrabet.<\/p>\n<p>Cette acc\u00e9l\u00e9ration fulgurante des contaminations s\u2019est confirm\u00e9e par le niveau d\u2019\u00e9volution hebdomadaire du taux de positivit\u00e9, pass\u00e9 de 1,6% la premi\u00e8re semaine \u00e0 plus de 10% pendant la semaine derni\u00e8re, avec un taux de reproduction de 1,39, a-t-il rench\u00e9ri.<\/p>\n<p>Les cas admis en r\u00e9animation et aux soins intensifs ont connu une hausse avec 152 nouveaux cas durant la semaine pass\u00e9e, contre 42 pris en charge au cours de la semaine d\u2019avant, a poursuivi le responsable minist\u00e9riel.<\/p>\n<p>Certes, les d\u00e9c\u00e8s restent \u00ab\u00a0peu nombreux\u00a0\u00bb, mais ils commencent n\u00e9anmoins \u00e0 augmenter en passant de 13 cas durant la premi\u00e8re semaine de la transmission communautaire \u00e0 27 pendant la troisi\u00e8me semaine, a-t-il fait remarquer.<\/p>\n<p>D\u2019autre part, la campagne nationale de vaccination a connu une l\u00e9g\u00e8re \u00e9volution, avec un taux de primo-vaccin\u00e9s \u00e9tabli \u00e0 67,3%, 63% pour la deuxi\u00e8me dose et 8,5% pour la troisi\u00e8me dose, soit un taux de progression de 20% pour la derni\u00e8re cat\u00e9gorie.<\/p>\n<p>Le minist\u00e8re a r\u00e9it\u00e9r\u00e9 son appel \u00e0 l\u2019ensemble des citoyens pour poursuivre le strict respect des mesures pr\u00e9ventives en vigueur et adh\u00e9rer massivement \u00e0 la campagne nationale de vaccination, surtout la troisi\u00e8me dose qui contribuera au renforcement de l\u2019immunit\u00e9 et faire face au nouveau variant Omicron.<\/p>\n<p>The post <a rel=\"nofollow\" href=\"https:\/\/www.mapmarrakech.ma\/fr\/proliferation-des-cas-omicron-1er-deces-lie-au-nouveau-variant\/\">Prolif\u00e9ration des cas Omicron, 1er d\u00e9c\u00e8s li\u00e9 au nouveau variant<\/a> appeared first on <a rel=\"nofollow\" href=\"https:\/\/www.mapmarrakech.ma\/fr\">MapMarrakech<\/a>.<\/p>\n<\/div>\n<p>Auteur: Meriem IGASS<br \/>\n<a href=\"https:\/\/www.mapmarrakech.ma\/fr\/proliferation-des-cas-omicron-1er-deces-lie-au-nouveau-variant\/\">Cliquez ici pour lire l&rsquo;article depuis sa source.<\/a><\/p>\n","protected":false},"excerpt":{"rendered":"<p>Le d\u00e9c\u00e8s concerne une femme \u00e2g\u00e9e qui n\u2019avait pas encore re\u00e7u la troisi\u00e8me dose de rappel du vaccin anti-Covid, sachant que 7 autres personnes contamin\u00e9es par ce variant ont \u00e9t\u00e9 admises aux services de r\u00e9animation et de soins intensifs, a-t-on pr\u00e9cis\u00e9 dans le bilan bimensuel de la situation \u00e9pid\u00e9mique au Maroc (20 d\u00e9cembre 2021\/3 janvier [&hellip;]<\/p>\n","protected":false},"author":1788,"featured_media":0,"comment_status":"closed","ping_status":"closed","sticky":false,"template":"","format":"standard","meta":{"fifu_image_url":"https:\/\/www.mapmarrakech.ma\/map\/uploads\/2022\/01\/mouad-copier.jpg","fifu_image_alt":"Prolif\u00e9ration des cas Omicron, 1er d\u00e9c\u00e8s li\u00e9 au nouveau variant","footnotes":""},"categories":[54,76],"tags":[],"class_list":["post-137659","post","type-post","status-publish","format-standard","hentry","category-maroc","category-regions"],"_links":{"self":[{"href":"https:\/\/linitiative.ca\/International\/wp-json\/wp\/v2\/posts\/137659","targetHints":{"allow":["GET"]}}],"collection":[{"href":"https:\/\/linitiative.ca\/International\/wp-json\/wp\/v2\/posts"}],"about":[{"href":"https:\/\/linitiative.ca\/International\/wp-json\/wp\/v2\/types\/post"}],"author":[{"embeddable":true,"href":"https:\/\/linitiative.ca\/International\/wp-json\/wp\/v2\/users\/1788"}],"replies":[{"embeddable":true,"href":"https:\/\/linitiative.ca\/International\/wp-json\/wp\/v2\/comments?post=137659"}],"version-history":[{"count":0,"href":"https:\/\/linitiative.ca\/International\/wp-json\/wp\/v2\/posts\/137659\/revisions"}],"wp:attachment":[{"href":"https:\/\/linitiative.ca\/International\/wp-json\/wp\/v2\/media?parent=137659"}],"wp:term":[{"taxonomy":"category","embeddable":true,"href":"https:\/\/linitiative.ca\/International\/wp-json\/wp\/v2\/categories?post=137659"},{"taxonomy":"post_tag","embeddable":true,"href":"https:\/\/linitiative.ca\/International\/wp-json\/wp\/v2\/tags?post=137659"}],"curies":[{"name":"wp","href":"https:\/\/api.w.org\/{rel}","templated":true}]}}