{"id":137661,"date":"2022-01-04T09:00:53","date_gmt":"2022-01-04T14:00:53","guid":{"rendered":"https:\/\/linitiative.ca\/International\/previsions-meteorologiques-pour-le-mercredi-05-janvier-2022\/"},"modified":"2022-01-04T09:00:53","modified_gmt":"2022-01-04T14:00:53","slug":"previsions-meteorologiques-pour-le-mercredi-05-janvier-2022","status":"publish","type":"post","link":"https:\/\/linitiative.ca\/International\/previsions-meteorologiques-pour-le-mercredi-05-janvier-2022\/","title":{"rendered":"Pr\u00e9visions m\u00e9t\u00e9orologiques pour le mercredi 05 janvier 2022"},"content":{"rendered":"<div>\n<div style=\"margin-bottom:20px;\"><img loading=\"lazy\" decoding=\"async\" width=\"750\" height=\"430\" src=\"https:\/\/linitiative.ca\/International\/wp-content\/uploads\/sites\/23\/2022\/01\/soleil-3.jpg\" class=\"attachment-post-thumbnail size-post-thumbnail wp-post-image\" alt=\"\" srcset=\"https:\/\/linitiative.ca\/International\/wp-content\/uploads\/sites\/23\/2022\/01\/soleil-3.jpg 750w, https:\/\/www.mapmarrakech.ma\/map\/uploads\/2021\/10\/soleil-3-300x172.jpg 300w\" sizes=\"auto, (max-width: 750px) 100vw, 750px\"><\/div>\n<p align=\"justify\">\u00a0\u2013 Temps assez froid sur l\u2019int\u00e9rieur, notamment l\u2019Atlas, le Rif, le Sud-Est et l\u2019Oriental.<\/p>\n<p align=\"justify\">\u2013 Gouttes de pluie \u00e9parses le jour sur le Nord-Ouest, le Saiss et les reliefs du Haut et du Moyen Atlas.<\/p>\n<p align=\"justify\">\u2013 Pluies la nuit suivante sur la M\u00e9diterran\u00e9e, le Rif, le Tang\u00e9rois et le Loukkos.<\/p>\n<p align=\"justify\">\u2013 Formations brumeuses sur le Nord des provinces Sud.<\/p>\n<p align=\"justify\">\u2013 Chasse-poussi\u00e8res par endroits sur l\u2019Oriental et les provinces Sud.<\/p>\n<p align=\"justify\">\u2013 Vent localement assez fort sur la M\u00e9diterran\u00e9e, l\u2019Est du Saiss, l\u2019Oriental, les plaines atlantiques Centre et le Nord des provinces Sud et faible \u00e0 mod\u00e9r\u00e9 de secteur nord \u00e0 variable ailleurs.<\/p>\n<p align=\"justify\">\u2013 Temp\u00e9ratures minimales de l\u2019ordre de -03\/04\u00b0C sur l\u2019Atlas et le Rif, 04\/10\u00b0C sur l\u2019Oriental, les plaines Nord-Ouest, les plateaux des Phosphates et d\u2019Oulm\u00e8s, le Sud-Est et le Nord-Est des provinces Sud et de 11\/17\u00b0C sur le Centre et le reste du Sud.<\/p>\n<p align=\"justify\">\u2013 Temp\u00e9ratures maximales en baisse, localement sensible sur les reliefs de l\u2019Atlas, le Rif, leurs r\u00e9gions avoisinantes et sur l\u2019Oriental.<\/p>\n<p align=\"justify\">\u2013 Mer agit\u00e9e sur la M\u00e9diterran\u00e9e, peu agit\u00e9e \u00e0 agit\u00e9e sur le D\u00e9troit, agit\u00e9e \u00e0 forte entre Mehdia et Safi et peu agit\u00e9e \u00e0 agit\u00e9e ailleurs.<\/p>\n<p>The post <a rel=\"nofollow\" href=\"https:\/\/www.mapmarrakech.ma\/fr\/previsions-meteorologiques-pour-le-mercredi-05-janvier-2022\/\">Pr\u00e9visions m\u00e9t\u00e9orologiques pour le mercredi 05 janvier 2022<\/a> appeared first on <a rel=\"nofollow\" href=\"https:\/\/www.mapmarrakech.ma\/fr\">MapMarrakech<\/a>.<\/p>\n<\/div>\n<p>Auteur: Meriem IGASS<br \/>\n<a href=\"https:\/\/www.mapmarrakech.ma\/fr\/previsions-meteorologiques-pour-le-mercredi-05-janvier-2022\/\">Cliquez ici pour lire l&rsquo;article depuis sa source.<\/a><\/p>\n","protected":false},"excerpt":{"rendered":"<p>\u00a0\u2013 Temps assez froid sur l\u2019int\u00e9rieur, notamment l\u2019Atlas, le Rif, le Sud-Est et l\u2019Oriental. \u2013 Gouttes de pluie \u00e9parses le jour sur le Nord-Ouest, le Saiss et les reliefs du Haut et du Moyen Atlas. \u2013 Pluies la nuit suivante sur la M\u00e9diterran\u00e9e, le Rif, le Tang\u00e9rois et le Loukkos. \u2013 Formations brumeuses sur le [&hellip;]<\/p>\n","protected":false},"author":1788,"featured_media":0,"comment_status":"closed","ping_status":"closed","sticky":false,"template":"","format":"standard","meta":{"fifu_image_url":"https:\/\/www.mapmarrakech.ma\/map\/uploads\/2021\/10\/soleil-3.jpg","fifu_image_alt":"Pr\u00e9visions m\u00e9t\u00e9orologiques pour le mercredi 05 janvier 2022","footnotes":""},"categories":[54,76],"tags":[],"class_list":["post-137661","post","type-post","status-publish","format-standard","hentry","category-maroc","category-regions"],"_links":{"self":[{"href":"https:\/\/linitiative.ca\/International\/wp-json\/wp\/v2\/posts\/137661","targetHints":{"allow":["GET"]}}],"collection":[{"href":"https:\/\/linitiative.ca\/International\/wp-json\/wp\/v2\/posts"}],"about":[{"href":"https:\/\/linitiative.ca\/International\/wp-json\/wp\/v2\/types\/post"}],"author":[{"embeddable":true,"href":"https:\/\/linitiative.ca\/International\/wp-json\/wp\/v2\/users\/1788"}],"replies":[{"embeddable":true,"href":"https:\/\/linitiative.ca\/International\/wp-json\/wp\/v2\/comments?post=137661"}],"version-history":[{"count":0,"href":"https:\/\/linitiative.ca\/International\/wp-json\/wp\/v2\/posts\/137661\/revisions"}],"wp:attachment":[{"href":"https:\/\/linitiative.ca\/International\/wp-json\/wp\/v2\/media?parent=137661"}],"wp:term":[{"taxonomy":"category","embeddable":true,"href":"https:\/\/linitiative.ca\/International\/wp-json\/wp\/v2\/categories?post=137661"},{"taxonomy":"post_tag","embeddable":true,"href":"https:\/\/linitiative.ca\/International\/wp-json\/wp\/v2\/tags?post=137661"}],"curies":[{"name":"wp","href":"https:\/\/api.w.org\/{rel}","templated":true}]}}