{"id":137669,"date":"2022-01-04T09:44:21","date_gmt":"2022-01-04T14:44:21","guid":{"rendered":"https:\/\/linitiative.ca\/International\/rabat-1250-milliard-de-dh-pour-soutenir-linvestissement-au-niveau-de-la-region\/"},"modified":"2022-01-04T09:44:21","modified_gmt":"2022-01-04T14:44:21","slug":"rabat-1250-milliard-de-dh-pour-soutenir-linvestissement-au-niveau-de-la-region","status":"publish","type":"post","link":"https:\/\/linitiative.ca\/International\/rabat-1250-milliard-de-dh-pour-soutenir-linvestissement-au-niveau-de-la-region\/","title":{"rendered":"Rabat : 1,250 milliard de DH pour soutenir l\u2019investissement au niveau de la r\u00e9gion"},"content":{"rendered":"<div>\n<div class=\"field field-name-body field-type-text-with-summary field-label-hidden\">\n<div class=\"field-items\">\n<div class=\"field-item even\" property=\"content:encoded\">\n<p class=\"rtejustify\">La nouvelle direction du conseil de la r\u00e9gion de Rabat-Sal\u00e9-K\u00e9nitra envisage la cr\u00e9ation d\u2019un fonds d\u2019investissement avec la mobilisation de 250 millions de DH par an, ce qui va permettre d\u2019atteindre 1,250 milliard de DH en 5 ans, confie un \u00e9lu du conseil.<\/p>\n<\/div>\n<\/div>\n<\/div>\n<\/div>\n<p>Auteur: mbasraoui<br \/>\n<a href=\"https:\/\/www.leconomiste.com\/flash-infos\/rabat-1-250-milliard-de-dh-pour-soutenir-l-investissement-au-niveau-de-la-region\">Cliquez ici pour lire l&rsquo;article depuis sa source.<\/a><\/p>\n","protected":false},"excerpt":{"rendered":"<p>La nouvelle direction du conseil de la r\u00e9gion de Rabat-Sal\u00e9-K\u00e9nitra envisage la cr\u00e9ation d\u2019un fonds d\u2019investissement avec la mobilisation de 250 millions de DH par an, ce qui va permettre d\u2019atteindre 1,250 milliard de DH en 5 ans, confie un \u00e9lu du conseil. Auteur: mbasraoui Cliquez ici pour lire l&rsquo;article depuis sa source.<\/p>\n","protected":false},"author":1763,"featured_media":0,"comment_status":"closed","ping_status":"closed","sticky":false,"template":"","format":"standard","meta":{"fifu_image_url":"","fifu_image_alt":"","footnotes":""},"categories":[78,54],"tags":[],"class_list":["post-137669","post","type-post","status-publish","format-standard","hentry","category-economie","category-maroc"],"_links":{"self":[{"href":"https:\/\/linitiative.ca\/International\/wp-json\/wp\/v2\/posts\/137669","targetHints":{"allow":["GET"]}}],"collection":[{"href":"https:\/\/linitiative.ca\/International\/wp-json\/wp\/v2\/posts"}],"about":[{"href":"https:\/\/linitiative.ca\/International\/wp-json\/wp\/v2\/types\/post"}],"author":[{"embeddable":true,"href":"https:\/\/linitiative.ca\/International\/wp-json\/wp\/v2\/users\/1763"}],"replies":[{"embeddable":true,"href":"https:\/\/linitiative.ca\/International\/wp-json\/wp\/v2\/comments?post=137669"}],"version-history":[{"count":0,"href":"https:\/\/linitiative.ca\/International\/wp-json\/wp\/v2\/posts\/137669\/revisions"}],"wp:attachment":[{"href":"https:\/\/linitiative.ca\/International\/wp-json\/wp\/v2\/media?parent=137669"}],"wp:term":[{"taxonomy":"category","embeddable":true,"href":"https:\/\/linitiative.ca\/International\/wp-json\/wp\/v2\/categories?post=137669"},{"taxonomy":"post_tag","embeddable":true,"href":"https:\/\/linitiative.ca\/International\/wp-json\/wp\/v2\/tags?post=137669"}],"curies":[{"name":"wp","href":"https:\/\/api.w.org\/{rel}","templated":true}]}}