{"id":137671,"date":"2022-01-04T13:09:19","date_gmt":"2022-01-04T18:09:19","guid":{"rendered":"https:\/\/linitiative.ca\/International\/hcp-la-croissance-prevue-a-28-au-t1-2022-hcp\/"},"modified":"2022-01-04T13:09:19","modified_gmt":"2022-01-04T18:09:19","slug":"hcp-la-croissance-prevue-a-28-au-t1-2022-hcp","status":"publish","type":"post","link":"https:\/\/linitiative.ca\/International\/hcp-la-croissance-prevue-a-28-au-t1-2022-hcp\/","title":{"rendered":"HCP: la croissance pr\u00e9vue \u00e0 2,8% au T1-2022 (HCP)"},"content":{"rendered":"<div>\n<div class=\"field field-name-body field-type-text-with-summary field-label-hidden\">\n<div class=\"field-items\">\n<div class=\"field-item even\" property=\"content:encoded\">\n<p>L&rsquo;activit\u00e9 \u00e9conomique nationale devrait enregistrer une croissance de 2,8% au premier trimestre 2022, en variation annuelle, selon le Haut-Commissariat au Plan (HCP).<\/p>\n<p>\u00ab\u00a0Compte tenu d&rsquo;un accroissement de 3,4% de la valeur ajout\u00e9e hors agriculture, l&rsquo;activit\u00e9 \u00e9conomique nationale enregistrerait une hausse de 2,8% au T1-2022, en variation annuelle, au lieu de +1% au m\u00eame trimestre de 2021\u00a0\u00bb, indique le HCP dans son point de conjoncture du T4-2021 et perspectives pour le T1-2022.<\/p>\n<\/div>\n<\/div>\n<\/div>\n<\/div>\n<p>Auteur: mbasraoui<br \/>\n<a href=\"https:\/\/www.leconomiste.com\/flash-infos\/maroc-la-croissance-prevue-2-8-au-t1-2022-hcp\">Cliquez ici pour lire l&rsquo;article depuis sa source.<\/a><\/p>\n","protected":false},"excerpt":{"rendered":"<p>L&rsquo;activit\u00e9 \u00e9conomique nationale devrait enregistrer une croissance de 2,8% au premier trimestre 2022, en variation annuelle, selon le Haut-Commissariat au Plan (HCP). \u00ab\u00a0Compte tenu d&rsquo;un accroissement de 3,4% de la valeur ajout\u00e9e hors agriculture, l&rsquo;activit\u00e9 \u00e9conomique nationale enregistrerait une hausse de 2,8% au T1-2022, en variation annuelle, au lieu de +1% au m\u00eame trimestre de [&hellip;]<\/p>\n","protected":false},"author":1763,"featured_media":0,"comment_status":"closed","ping_status":"closed","sticky":false,"template":"","format":"standard","meta":{"fifu_image_url":"","fifu_image_alt":"","footnotes":""},"categories":[78,54],"tags":[],"class_list":["post-137671","post","type-post","status-publish","format-standard","hentry","category-economie","category-maroc"],"_links":{"self":[{"href":"https:\/\/linitiative.ca\/International\/wp-json\/wp\/v2\/posts\/137671","targetHints":{"allow":["GET"]}}],"collection":[{"href":"https:\/\/linitiative.ca\/International\/wp-json\/wp\/v2\/posts"}],"about":[{"href":"https:\/\/linitiative.ca\/International\/wp-json\/wp\/v2\/types\/post"}],"author":[{"embeddable":true,"href":"https:\/\/linitiative.ca\/International\/wp-json\/wp\/v2\/users\/1763"}],"replies":[{"embeddable":true,"href":"https:\/\/linitiative.ca\/International\/wp-json\/wp\/v2\/comments?post=137671"}],"version-history":[{"count":0,"href":"https:\/\/linitiative.ca\/International\/wp-json\/wp\/v2\/posts\/137671\/revisions"}],"wp:attachment":[{"href":"https:\/\/linitiative.ca\/International\/wp-json\/wp\/v2\/media?parent=137671"}],"wp:term":[{"taxonomy":"category","embeddable":true,"href":"https:\/\/linitiative.ca\/International\/wp-json\/wp\/v2\/categories?post=137671"},{"taxonomy":"post_tag","embeddable":true,"href":"https:\/\/linitiative.ca\/International\/wp-json\/wp\/v2\/tags?post=137671"}],"curies":[{"name":"wp","href":"https:\/\/api.w.org\/{rel}","templated":true}]}}