{"id":137673,"date":"2022-01-04T13:59:06","date_gmt":"2022-01-04T18:59:06","guid":{"rendered":"https:\/\/linitiative.ca\/International\/omar-el-marrakchi-elu-president-de-lassociation-fes-saiss\/"},"modified":"2022-01-04T13:59:06","modified_gmt":"2022-01-04T18:59:06","slug":"omar-el-marrakchi-elu-president-de-lassociation-fes-saiss","status":"publish","type":"post","link":"https:\/\/linitiative.ca\/International\/omar-el-marrakchi-elu-president-de-lassociation-fes-saiss\/","title":{"rendered":"Omar El Marrakchi \u00e9lu pr\u00e9sident de l&rsquo;association F\u00e8s-Sa\u00efss"},"content":{"rendered":"<div>\n<div class=\"field field-name-body field-type-text-with-summary field-label-hidden\">\n<div class=\"field-items\">\n<div class=\"field-item even\" property=\"content:encoded\">\n<p class=\"rtejustify\">C&rsquo;est officiel. Omar El Marrakchi a \u00e9t\u00e9 \u00e9lu, ce mardi 4 janvier 2022, pr\u00e9sident de l&rsquo;Association F\u00e8s-Sa\u00efss. Valid\u00e9e \u00e0 l&rsquo;unanimit\u00e9 des 17 membres du bureau f\u00e9d\u00e9ral de l&rsquo;ONG, l&rsquo;\u00e9lection du nouveau patron de la prestigieuse association s&rsquo;est d\u00e9roul\u00e9e au si\u00e8ge de celle-ci comme stipul\u00e9 dans le r\u00e8glement int\u00e9rieur de l&rsquo;Association.<\/p>\n<\/div>\n<\/div>\n<\/div>\n<\/div>\n<p>Auteur: mbasraoui<br \/>\n<a href=\"https:\/\/www.leconomiste.com\/flash-infos\/omar-el-marrakchi-elu-president-de-l-association-fes-saiss\">Cliquez ici pour lire l&rsquo;article depuis sa source.<\/a><\/p>\n","protected":false},"excerpt":{"rendered":"<p>C&rsquo;est officiel. Omar El Marrakchi a \u00e9t\u00e9 \u00e9lu, ce mardi 4 janvier 2022, pr\u00e9sident de l&rsquo;Association F\u00e8s-Sa\u00efss. Valid\u00e9e \u00e0 l&rsquo;unanimit\u00e9 des 17 membres du bureau f\u00e9d\u00e9ral de l&rsquo;ONG, l&rsquo;\u00e9lection du nouveau patron de la prestigieuse association s&rsquo;est d\u00e9roul\u00e9e au si\u00e8ge de celle-ci comme stipul\u00e9 dans le r\u00e8glement int\u00e9rieur de l&rsquo;Association. Auteur: mbasraoui Cliquez ici pour [&hellip;]<\/p>\n","protected":false},"author":1763,"featured_media":0,"comment_status":"closed","ping_status":"closed","sticky":false,"template":"","format":"standard","meta":{"fifu_image_url":"","fifu_image_alt":"","footnotes":""},"categories":[78,54],"tags":[],"class_list":["post-137673","post","type-post","status-publish","format-standard","hentry","category-economie","category-maroc"],"_links":{"self":[{"href":"https:\/\/linitiative.ca\/International\/wp-json\/wp\/v2\/posts\/137673","targetHints":{"allow":["GET"]}}],"collection":[{"href":"https:\/\/linitiative.ca\/International\/wp-json\/wp\/v2\/posts"}],"about":[{"href":"https:\/\/linitiative.ca\/International\/wp-json\/wp\/v2\/types\/post"}],"author":[{"embeddable":true,"href":"https:\/\/linitiative.ca\/International\/wp-json\/wp\/v2\/users\/1763"}],"replies":[{"embeddable":true,"href":"https:\/\/linitiative.ca\/International\/wp-json\/wp\/v2\/comments?post=137673"}],"version-history":[{"count":0,"href":"https:\/\/linitiative.ca\/International\/wp-json\/wp\/v2\/posts\/137673\/revisions"}],"wp:attachment":[{"href":"https:\/\/linitiative.ca\/International\/wp-json\/wp\/v2\/media?parent=137673"}],"wp:term":[{"taxonomy":"category","embeddable":true,"href":"https:\/\/linitiative.ca\/International\/wp-json\/wp\/v2\/categories?post=137673"},{"taxonomy":"post_tag","embeddable":true,"href":"https:\/\/linitiative.ca\/International\/wp-json\/wp\/v2\/tags?post=137673"}],"curies":[{"name":"wp","href":"https:\/\/api.w.org\/{rel}","templated":true}]}}