{"id":137676,"date":"2022-01-04T08:40:00","date_gmt":"2022-01-04T13:40:00","guid":{"rendered":"https:\/\/linitiative.ca\/International\/om-benedetto-pourrait-bien-etre-vendu\/"},"modified":"2022-01-04T08:40:00","modified_gmt":"2022-01-04T13:40:00","slug":"om-benedetto-pourrait-bien-etre-vendu","status":"publish","type":"post","link":"https:\/\/linitiative.ca\/International\/om-benedetto-pourrait-bien-etre-vendu\/","title":{"rendered":"OM : Benedetto pourrait bien \u00eatre vendu"},"content":{"rendered":"<div>Actuellement pr\u00eat\u00e9 par l\u2019Olympique de Marseille \u00e0 Elche, Dario Benedetto pourrait ne pas revenir dans la cit\u00e9 phoc\u00e9enne.<\/div>\n<p>Auteur:<br \/>\n<a href=\"https:\/\/www.lebuteur.com\/article\/detail?titre=om-benedetto-pourrait-bien-etre-vendu&#038;id=101989\">Cliquez ici pour lire l&rsquo;article depuis sa source.<\/a><\/p>\n","protected":false},"excerpt":{"rendered":"<p>Actuellement pr\u00eat\u00e9 par l\u2019Olympique de Marseille \u00e0 Elche, Dario Benedetto pourrait ne pas revenir dans la cit\u00e9 phoc\u00e9enne. Auteur: Cliquez ici pour lire l&rsquo;article depuis sa source.<\/p>\n","protected":false},"author":1738,"featured_media":0,"comment_status":"closed","ping_status":"closed","sticky":false,"template":"","format":"standard","meta":{"fifu_image_url":"","fifu_image_alt":"","footnotes":""},"categories":[53,75],"tags":[],"class_list":["post-137676","post","type-post","status-publish","format-standard","hentry","category-algerie","category-sport"],"_links":{"self":[{"href":"https:\/\/linitiative.ca\/International\/wp-json\/wp\/v2\/posts\/137676","targetHints":{"allow":["GET"]}}],"collection":[{"href":"https:\/\/linitiative.ca\/International\/wp-json\/wp\/v2\/posts"}],"about":[{"href":"https:\/\/linitiative.ca\/International\/wp-json\/wp\/v2\/types\/post"}],"author":[{"embeddable":true,"href":"https:\/\/linitiative.ca\/International\/wp-json\/wp\/v2\/users\/1738"}],"replies":[{"embeddable":true,"href":"https:\/\/linitiative.ca\/International\/wp-json\/wp\/v2\/comments?post=137676"}],"version-history":[{"count":0,"href":"https:\/\/linitiative.ca\/International\/wp-json\/wp\/v2\/posts\/137676\/revisions"}],"wp:attachment":[{"href":"https:\/\/linitiative.ca\/International\/wp-json\/wp\/v2\/media?parent=137676"}],"wp:term":[{"taxonomy":"category","embeddable":true,"href":"https:\/\/linitiative.ca\/International\/wp-json\/wp\/v2\/categories?post=137676"},{"taxonomy":"post_tag","embeddable":true,"href":"https:\/\/linitiative.ca\/International\/wp-json\/wp\/v2\/tags?post=137676"}],"curies":[{"name":"wp","href":"https:\/\/api.w.org\/{rel}","templated":true}]}}