{"id":137684,"date":"2022-01-04T05:00:00","date_gmt":"2022-01-04T10:00:00","guid":{"rendered":"https:\/\/linitiative.ca\/International\/la-deception-des-transformateurs\/"},"modified":"2022-01-04T05:00:00","modified_gmt":"2022-01-04T10:00:00","slug":"la-deception-des-transformateurs","status":"publish","type":"post","link":"https:\/\/linitiative.ca\/International\/la-deception-des-transformateurs\/","title":{"rendered":"La d\u00e9ception des transformateurs"},"content":{"rendered":"<div>Les transformateurs laitiers priv\u00e9s ont r\u00e9cup\u00e9r\u00e9 au premier jour de l\u2019ann\u00e9e 2022 leur quota de poudre de lait aupr\u00e8s de l\u2019Onil. \u00c0 leur grande surprise, ni les quotas ont \u00e9t\u00e9 augment\u00e9s<\/div>\n<p>Auteur:<br \/>\n<a href=\"https:\/\/www.lesoirdalgerie.com\/periscoop\/la-deception-des-transformateurs-73153\">Cliquez ici pour lire l&rsquo;article depuis sa source.<\/a><\/p>\n","protected":false},"excerpt":{"rendered":"<p>Les transformateurs laitiers priv\u00e9s ont r\u00e9cup\u00e9r\u00e9 au premier jour de l\u2019ann\u00e9e 2022 leur quota de poudre de lait aupr\u00e8s de l\u2019Onil. \u00c0 leur grande surprise, ni les quotas ont \u00e9t\u00e9 augment\u00e9s Auteur: Cliquez ici pour lire l&rsquo;article depuis sa source.<\/p>\n","protected":false},"author":1741,"featured_media":0,"comment_status":"closed","ping_status":"closed","sticky":false,"template":"","format":"standard","meta":{"fifu_image_url":"","fifu_image_alt":"","footnotes":""},"categories":[73,53],"tags":[],"class_list":["post-137684","post","type-post","status-publish","format-standard","hentry","category-actualite","category-algerie"],"_links":{"self":[{"href":"https:\/\/linitiative.ca\/International\/wp-json\/wp\/v2\/posts\/137684","targetHints":{"allow":["GET"]}}],"collection":[{"href":"https:\/\/linitiative.ca\/International\/wp-json\/wp\/v2\/posts"}],"about":[{"href":"https:\/\/linitiative.ca\/International\/wp-json\/wp\/v2\/types\/post"}],"author":[{"embeddable":true,"href":"https:\/\/linitiative.ca\/International\/wp-json\/wp\/v2\/users\/1741"}],"replies":[{"embeddable":true,"href":"https:\/\/linitiative.ca\/International\/wp-json\/wp\/v2\/comments?post=137684"}],"version-history":[{"count":0,"href":"https:\/\/linitiative.ca\/International\/wp-json\/wp\/v2\/posts\/137684\/revisions"}],"wp:attachment":[{"href":"https:\/\/linitiative.ca\/International\/wp-json\/wp\/v2\/media?parent=137684"}],"wp:term":[{"taxonomy":"category","embeddable":true,"href":"https:\/\/linitiative.ca\/International\/wp-json\/wp\/v2\/categories?post=137684"},{"taxonomy":"post_tag","embeddable":true,"href":"https:\/\/linitiative.ca\/International\/wp-json\/wp\/v2\/tags?post=137684"}],"curies":[{"name":"wp","href":"https:\/\/api.w.org\/{rel}","templated":true}]}}