{"id":137694,"date":"2022-01-04T16:51:25","date_gmt":"2022-01-04T21:51:25","guid":{"rendered":"https:\/\/linitiative.ca\/International\/hicham-el-hafdi-les-realisations-du-maroc-dans-les-secteurs-automobile-et-aeronautique-sont-suffisamment-solides-pour-que-lindustrie-de-defense-naissante-puisse-capitaliser-dessus\/"},"modified":"2022-01-04T16:51:25","modified_gmt":"2022-01-04T21:51:25","slug":"hicham-el-hafdi-les-realisations-du-maroc-dans-les-secteurs-automobile-et-aeronautique-sont-suffisamment-solides-pour-que-lindustrie-de-defense-naissante-puisse-capitaliser-dessus","status":"publish","type":"post","link":"https:\/\/linitiative.ca\/International\/hicham-el-hafdi-les-realisations-du-maroc-dans-les-secteurs-automobile-et-aeronautique-sont-suffisamment-solides-pour-que-lindustrie-de-defense-naissante-puisse-capitaliser-dessus\/","title":{"rendered":"Hicham El Hafdi : \u00abLes r\u00e9alisations du Maroc dans les secteurs automobile et a\u00e9ronautique sont suffisamment solides pour que l\u2019industrie de d\u00e9fense naissante puisse capitaliser dessus\u2026\u00bb"},"content":{"rendered":"<div><img decoding=\"async\" width=\"1209\" height=\"785\" src=\"https:\/\/linitiative.ca\/International\/wp-content\/uploads\/sites\/23\/2022\/01\/Hicham-El-Hafdi-.jpg\" class=\"attachment-post-thumbnail size-post-thumbnail wp-post-image\" alt=\"\" loading=\"lazy\" srcset=\"https:\/\/linitiative.ca\/International\/wp-content\/uploads\/sites\/23\/2022\/01\/Hicham-El-Hafdi-.jpg 1209w, https:\/\/www.challenge.ma\/wp-content\/uploads\/2021\/12\/Hicham-El-Hafdi--300x195.jpg 300w, https:\/\/www.challenge.ma\/wp-content\/uploads\/2021\/12\/Hicham-El-Hafdi--1024x665.jpg 1024w, https:\/\/www.challenge.ma\/wp-content\/uploads\/2021\/12\/Hicham-El-Hafdi--768x499.jpg 768w, https:\/\/www.challenge.ma\/wp-content\/uploads\/2021\/12\/Hicham-El-Hafdi--360x234.jpg 360w, https:\/\/www.challenge.ma\/wp-content\/uploads\/2021\/12\/Hicham-El-Hafdi--750x487.jpg 750w\" sizes=\"auto, (max-width: 1209px) 100vw, 1209px\" itemprop=\"image\">Pour l\u2019ancien officier sup\u00e9rieur de la Garde Royale et Analyste en g\u00e9opolitique, s\u00e9curit\u00e9 et d\u00e9fense, Hicham El Hafdi, le Maroc ne part pas de z\u00e9ro dans sa volont\u00e9 de se doter d\u2019une industrie de l\u2019armement : l\u2019essor de l\u2019industrie automobile et a\u00e9ronautique a d\u00e9j\u00e0 favoris\u00e9 l\u2019installation dans le Royaume de<\/div>\n<p>Auteur: Adama Sylla<br \/>\n<a href=\"https:\/\/www.challenge.ma\/hicham-el-hafdi-les-realisations-du-maroc-dans-les-secteurs-automobile-et-aeronautique-sont-suffisamment-solides-pour-que-lindustrie-de-defense-naissante-puisse-capitaliser-dessus-229780\/\">Cliquez ici pour lire l&rsquo;article depuis sa source.<\/a><\/p>\n","protected":false},"excerpt":{"rendered":"<p>Pour l\u2019ancien officier sup\u00e9rieur de la Garde Royale et Analyste en g\u00e9opolitique, s\u00e9curit\u00e9 et d\u00e9fense, Hicham El Hafdi, le Maroc ne part pas de z\u00e9ro dans sa volont\u00e9 de se doter d\u2019une industrie de l\u2019armement : l\u2019essor de l\u2019industrie automobile et a\u00e9ronautique a d\u00e9j\u00e0 favoris\u00e9 l\u2019installation dans le Royaume de Auteur: Adama Sylla Cliquez ici [&hellip;]<\/p>\n","protected":false},"author":1787,"featured_media":0,"comment_status":"closed","ping_status":"closed","sticky":false,"template":"","format":"standard","meta":{"fifu_image_url":"https:\/\/www.challenge.ma\/wp-content\/uploads\/2021\/12\/Hicham-El-Hafdi-.jpg","fifu_image_alt":"Hicham El Hafdi : \u00abLes r\u00e9alisations du Maroc dans les secteurs automobile et a\u00e9ronautique sont suffisamment solides pour que l\u2019industrie de d\u00e9fense naissante puisse capitaliser dessus\u2026\u00bb","footnotes":""},"categories":[78,54],"tags":[],"class_list":["post-137694","post","type-post","status-publish","format-standard","hentry","category-economie","category-maroc"],"_links":{"self":[{"href":"https:\/\/linitiative.ca\/International\/wp-json\/wp\/v2\/posts\/137694","targetHints":{"allow":["GET"]}}],"collection":[{"href":"https:\/\/linitiative.ca\/International\/wp-json\/wp\/v2\/posts"}],"about":[{"href":"https:\/\/linitiative.ca\/International\/wp-json\/wp\/v2\/types\/post"}],"author":[{"embeddable":true,"href":"https:\/\/linitiative.ca\/International\/wp-json\/wp\/v2\/users\/1787"}],"replies":[{"embeddable":true,"href":"https:\/\/linitiative.ca\/International\/wp-json\/wp\/v2\/comments?post=137694"}],"version-history":[{"count":0,"href":"https:\/\/linitiative.ca\/International\/wp-json\/wp\/v2\/posts\/137694\/revisions"}],"wp:attachment":[{"href":"https:\/\/linitiative.ca\/International\/wp-json\/wp\/v2\/media?parent=137694"}],"wp:term":[{"taxonomy":"category","embeddable":true,"href":"https:\/\/linitiative.ca\/International\/wp-json\/wp\/v2\/categories?post=137694"},{"taxonomy":"post_tag","embeddable":true,"href":"https:\/\/linitiative.ca\/International\/wp-json\/wp\/v2\/tags?post=137694"}],"curies":[{"name":"wp","href":"https:\/\/api.w.org\/{rel}","templated":true}]}}