{"id":137701,"date":"2022-01-04T16:54:19","date_gmt":"2022-01-04T21:54:19","guid":{"rendered":"https:\/\/linitiative.ca\/International\/coronavirus-ce-quon-ne-nous-dit-pas\/"},"modified":"2022-01-04T16:54:19","modified_gmt":"2022-01-04T21:54:19","slug":"coronavirus-ce-quon-ne-nous-dit-pas","status":"publish","type":"post","link":"https:\/\/linitiative.ca\/International\/coronavirus-ce-quon-ne-nous-dit-pas\/","title":{"rendered":"Coronavirus  : ce qu\u2019on ne nous dit pas"},"content":{"rendered":"<div>\n<p>A l\u2019entame de cet article, il convient de souligner qu\u2019il ne vise aucunement \u00e0 battre en br\u00e8che les id\u00e9es et th\u00e8ses v\u00e9hicul\u00e9es jusque-l\u00e0 sur le coronavirus pas plus qu\u2019il ne pr\u00e9tend que les \u00abn\u00e9gro\u00efdes\u00bb en seraient \u00abimmunitairement\u00bb prot\u00e9g\u00e9s, au regard du nombre de Noirs qui en ont \u00e9t\u00e9 victimes depuis 2019. L\u2019objectif ici est de tenter de d\u00e9montrer \u00e0 travers une d\u00e9marche scientifique bas\u00e9e, entre autres, sur le pal\u00e9o-environnement, la pal\u00e9ontologie humaine et la biologie mol\u00e9culaire, pourquoi l\u2019Afrique en d\u00e9pit d\u2019un syst\u00e8me sanitaire \u00ab archa\u00efque\u00bb et de ressources insuffisantes, semble \u00e0 l\u2019abri ou \u00e0 tout le moins d\u00e9veloppe peu une maladie (318 morts au Burkina Faso, selon les chiffres officiels) qui disait-on, devait la \u00ab d\u00e9cimer \u00ab en raison du tableau sanitaire sus-indiqu\u00e9.<\/p>\n<p>Evacuons rapidement le pal\u00e9o-environnement pour dire qu\u2019\u00e0 l\u2019instar des grippes saisonni\u00e8res connues jusque-l\u00e0, le coronavirus atteint lui aussi ses \u00abpics de croissance\u00bb en hiver, pour retomber dans l\u2019anonymat une fois le beau temps revenu. Le soleil serait-il pour quelque chose dans son hibernation ? Difficile de le dire, m\u00eame si on constate que du fait de son climat d\u2019ensemble chaud, sec et temp\u00e9r\u00e9 (en dehors de l\u2019Afrique du Nord et australe qui sont curieusement les zones les plus affect\u00e9es par la maladie), le continent dans son ensemble a des chiffres de contamination et de morts relativement bas par rapport aux autres sph\u00e8res du globe terrestre. Si pour le soleil, on peut \u00eatre circonspect jusqu\u2019\u00e0 plus informer, la pal\u00e9ontologie humaine et la biologie mol\u00e9culaire nous permettent de comprendre cette \u00abimmunit\u00e9 relative\u00bb des Noirs. En fran\u00e7ais facile et pour r\u00e9sumer, disons qu\u2019il y a des diff\u00e9rences morphologiques sp\u00e9cifiques entre le n\u00e9gro\u00efde et le caucasien (blanc) ou le s\u00e9mite (juif et arabe) C\u2019est ainsi qu\u2019au niveau du nez par exemple, le n\u00f4tre est tr\u00e8s large, et le plancher des fosses nasales se relie \u00e0 la face ant\u00e9rieure du maxillaire par une goutti\u00e8re de chaque c\u00f4t\u00e9 de l\u2019\u00e9pine nasale, au lieu d\u2019\u00eatre d\u00e9limit\u00e9e par un bord aigu comme dans les \u00abraces\u00bb blanches, d\u2019o\u00f9 la puissance physique et l\u2019endurance du noir face aux maladies respiratoires. Nous aspirons plus d\u2019air et donc les poumons sont bien a\u00e9r\u00e9s. Ce qui explique, entre autres, la domination des Noirs dans les courses de fond et de vitesse. Par ailleurs, les Blancs, s\u00e9mites et jaunes \u00e9tant brachyc\u00e9phales (cr\u00e2nes plus larges que profonds), alors que les Noirs sont dolichoc\u00e9phales, ces \u00abraces\u00bb ne peuvent pas \u00eatre affect\u00e9es au m\u00eame niveau par les maladies respiratoires.<\/p>\n<p>Le prognathisme sous-nasal du Noir (le nez d\u00e9prim\u00e9 \u00e0 sa racine est tr\u00e8s large) par opposition \u00e0 l\u2019orthognathisme du caucasien (fosses nasales \u00e0 bords aigus) n\u2019expose pas de fa\u00e7on identique les deux sp\u00e9cimens aux maladies respiratoires. Le ph\u00e9notype du Noir est donc bel et bien diff\u00e9rent de celui d\u2019un Blanc, sans qu\u2019on ne puisse s\u2019appuyer sur cela pour dire qu\u2019une \u00abrace\u00bb est sup\u00e9rieure \u00e0 une autre. Voil\u00e0 des arguments, nous semble-t-il, sur lesquels nos scientifiques devraient s\u2019appuyer pour att\u00e9nuer la psychose face \u00e0 cette maladie, plut\u00f4t que de se complaire dans un suivisme int\u00e9ress\u00e9 de l\u2019Occident qui ne les honore pas. Par ailleurs, des recettes de nos grands-parents (telles que le \u00abfonsr\u00e9\u00bb chez les Moss\u00e9) ont prouv\u00e9 leur efficacit\u00e9 dans le traitement des maladies rhumatismales saisonni\u00e8res et m\u00e9ritent de ce fait d\u2019\u00eatre approfondies. A l\u2019image du docteur Halidou Tinto qui est en passe de vaincre le paludisme ou de l\u2019astrophysicien Pr Fr\u00e9d\u00e9ric Ouattara qui veut mettre le Burkina Faso sur orbite, nos professeurs et docteurs en m\u00e9decine doivent \u00eatre des pr\u00e9curseurs dans leur domaine. Alors de l\u2019audace Messieurs !<\/p>\n<p style=\"text-align: right\"><strong> Boubakar SY <\/strong><\/p>\n<p>L\u2019article <a rel=\"nofollow\" href=\"https:\/\/www.sidwaya.info\/blog\/2022\/01\/04\/coronavirus-ce-quon-ne-nous-dit-pas\/\">Coronavirus  : ce qu\u2019on ne nous dit pas<\/a> est apparu en premier sur <a rel=\"nofollow\" href=\"https:\/\/www.sidwaya.info\/\">Quotidien Sidwaya<\/a>.<\/p>\n<\/div>\n<p>Auteur: JK. Sidwaya<br \/>\n<a href=\"https:\/\/www.sidwaya.info\/blog\/2022\/01\/04\/coronavirus-ce-quon-ne-nous-dit-pas\/?utm_source=rss&#038;utm_medium=rss&#038;utm_campaign=coronavirus-ce-quon-ne-nous-dit-pas\">Cliquez ici pour lire l&rsquo;article depuis sa source.<\/a><\/p>\n","protected":false},"excerpt":{"rendered":"<p>A l\u2019entame de cet article, il convient de souligner qu\u2019il ne vise aucunement \u00e0 battre en br\u00e8che les id\u00e9es et th\u00e8ses v\u00e9hicul\u00e9es jusque-l\u00e0 sur le coronavirus pas plus qu\u2019il ne pr\u00e9tend que les \u00abn\u00e9gro\u00efdes\u00bb en seraient \u00abimmunitairement\u00bb prot\u00e9g\u00e9s, au regard du nombre de Noirs qui en ont \u00e9t\u00e9 victimes depuis 2019. L\u2019objectif ici est de [&hellip;]<\/p>\n","protected":false},"author":1816,"featured_media":0,"comment_status":"closed","ping_status":"closed","sticky":false,"template":"","format":"standard","meta":{"fifu_image_url":"","fifu_image_alt":"","footnotes":""},"categories":[73,81],"tags":[],"class_list":["post-137701","post","type-post","status-publish","format-standard","hentry","category-actualite","category-burkina-faso"],"_links":{"self":[{"href":"https:\/\/linitiative.ca\/International\/wp-json\/wp\/v2\/posts\/137701","targetHints":{"allow":["GET"]}}],"collection":[{"href":"https:\/\/linitiative.ca\/International\/wp-json\/wp\/v2\/posts"}],"about":[{"href":"https:\/\/linitiative.ca\/International\/wp-json\/wp\/v2\/types\/post"}],"author":[{"embeddable":true,"href":"https:\/\/linitiative.ca\/International\/wp-json\/wp\/v2\/users\/1816"}],"replies":[{"embeddable":true,"href":"https:\/\/linitiative.ca\/International\/wp-json\/wp\/v2\/comments?post=137701"}],"version-history":[{"count":0,"href":"https:\/\/linitiative.ca\/International\/wp-json\/wp\/v2\/posts\/137701\/revisions"}],"wp:attachment":[{"href":"https:\/\/linitiative.ca\/International\/wp-json\/wp\/v2\/media?parent=137701"}],"wp:term":[{"taxonomy":"category","embeddable":true,"href":"https:\/\/linitiative.ca\/International\/wp-json\/wp\/v2\/categories?post=137701"},{"taxonomy":"post_tag","embeddable":true,"href":"https:\/\/linitiative.ca\/International\/wp-json\/wp\/v2\/tags?post=137701"}],"curies":[{"name":"wp","href":"https:\/\/api.w.org\/{rel}","templated":true}]}}