{"id":137706,"date":"2022-01-04T13:18:03","date_gmt":"2022-01-04T18:18:03","guid":{"rendered":"https:\/\/linitiative.ca\/International\/sadc-un-sommet-durgence-sur-la-situation-securitaire-au-mozambique\/"},"modified":"2022-01-04T13:18:03","modified_gmt":"2022-01-04T18:18:03","slug":"sadc-un-sommet-durgence-sur-la-situation-securitaire-au-mozambique","status":"publish","type":"post","link":"https:\/\/linitiative.ca\/International\/sadc-un-sommet-durgence-sur-la-situation-securitaire-au-mozambique\/","title":{"rendered":"SADC : un sommet d\u2019urgence sur la situation s\u00e9curitaire au Mozambique"},"content":{"rendered":"<div>\n<p><img decoding=\"async\" width=\"772\" height=\"418\" src=\"https:\/\/linitiative.ca\/International\/wp-content\/uploads\/sites\/23\/2022\/01\/16413202831367.jpg\" class=\"attachment-post-thumbnail size-post-thumbnail wp-post-image\" alt=\"\" loading=\"lazy\" srcset=\"https:\/\/linitiative.ca\/International\/wp-content\/uploads\/sites\/23\/2022\/01\/16413202831367.jpg 772w, https:\/\/www.journalducameroun.com\/wp-content\/uploads\/2022\/01\/16413202831367-300x162.jpg 300w, https:\/\/www.journalducameroun.com\/wp-content\/uploads\/2022\/01\/16413202831367-768x416.jpg 768w, https:\/\/www.journalducameroun.com\/wp-content\/uploads\/2022\/01\/16413202831367-600x325.jpg 600w\" sizes=\"auto, (max-width: 772px) 100vw, 772px\"><\/p>\n<p>La Communaut\u00e9 de d\u00e9veloppement de l&rsquo;Afrique australe (SADC) tiendra vendredi un sommet virtuel extraordinaire des chefs d&rsquo;Etat et de gouvernement pour faire l&rsquo;\u00e9valuation du mandat de sa mission militaire au Mozambique.Le sommet extraordinaire sera pr\u00e9sid\u00e9 par le pr\u00e9sident du Malawi, Lazarus Chakwera, pr\u00e9sident en exercice de la communaut\u00e9 des pays de l&rsquo;Afrique australe qui regroupe seize pays.<\/p>\n<p>\u00ab Le sommet discutera, parmi les questions cl\u00e9s, du soutien au fonctionnement efficace des objectifs de la SAMIM pour apporter la paix et la stabilit\u00e9 \u00e0 Cabo Delgado en R\u00e9publique du Mozambique \u00bb, a d\u00e9clar\u00e9 la SADC dans un communiqu\u00e9 mardi.<\/p>\n<p>La SAMIM (mission de la SADC au Mozambique) a \u00e9t\u00e9 d\u00e9ploy\u00e9e en juillet 2021 apr\u00e8s avoir \u00e9t\u00e9 approuv\u00e9e par le sommet extraordinaire de la SADC qui s&rsquo;est tenu \u00e0 Maputo en juin de la m\u00eame ann\u00e9e. Il s&rsquo;agit de la r\u00e9ponse r\u00e9gionale de la SADC pour soutenir le Mozambique dans sa lutte contre le terrorisme et les actes d&rsquo;extr\u00e9misme dans la province de Cabo Delgado.<\/p>\n<p>La r\u00e9union sera pr\u00e9c\u00e9d\u00e9e d&rsquo;un sommet extraordinaire de la tro\u00efka des organes de la SADC, qui sera pr\u00e9sid\u00e9 par le pr\u00e9sident sud-africain Cyril Ramaphosa et auquel participeront les pr\u00e9sidents Mokgweetsi Masisi, Hage Geingob et Filipe Nyusi, respectivement du Botswana, de la Namibie et du Mozambique.<\/p>\n<p>L&rsquo;Afrique du Sud, le Botswana et la Namibie constituent actuellement la tro\u00efka de s\u00e9curit\u00e9 de la SADC et sont charg\u00e9s de traiter toutes les questions relatives \u00e0 la paix et \u00e0 la s\u00e9curit\u00e9 dans la r\u00e9gion.<\/p>\n<p>Cet article <a rel=\"nofollow\" href=\"https:\/\/www.journalducameroun.com\/sadc-un-sommet-durgence-sur-la-situation-securitaire-au-mozambique\/\">SADC : un sommet d\u2019urgence sur la situation s\u00e9curitaire au Mozambique<\/a> est apparu en premier sur <a rel=\"nofollow\" href=\"https:\/\/www.journalducameroun.com\/\">Journal du Cameroun<\/a>.<\/p>\n<\/div>\n<p>Auteur: APA News<br \/>\n<a href=\"https:\/\/www.journalducameroun.com\/sadc-un-sommet-durgence-sur-la-situation-securitaire-au-mozambique\/\">Cliquez ici pour lire l&rsquo;article depuis sa source.<\/a><\/p>\n","protected":false},"excerpt":{"rendered":"<p>La Communaut\u00e9 de d\u00e9veloppement de l&rsquo;Afrique australe (SADC) tiendra vendredi un sommet virtuel extraordinaire des chefs d&rsquo;Etat et de gouvernement pour faire l&rsquo;\u00e9valuation du mandat de sa mission militaire au Mozambique.Le sommet extraordinaire sera pr\u00e9sid\u00e9 par le pr\u00e9sident du Malawi, Lazarus Chakwera, pr\u00e9sident en exercice de la communaut\u00e9 des pays de l&rsquo;Afrique australe qui regroupe [&hellip;]<\/p>\n","protected":false},"author":1965,"featured_media":0,"comment_status":"closed","ping_status":"closed","sticky":false,"template":"","format":"standard","meta":{"fifu_image_url":"https:\/\/www.journalducameroun.com\/wp-content\/uploads\/2022\/01\/16413202831367.jpg","fifu_image_alt":"SADC : un sommet d\u2019urgence sur la situation s\u00e9curitaire au Mozambique","footnotes":""},"categories":[73,82],"tags":[],"class_list":["post-137706","post","type-post","status-publish","format-standard","hentry","category-actualite","category-cameroun"],"_links":{"self":[{"href":"https:\/\/linitiative.ca\/International\/wp-json\/wp\/v2\/posts\/137706","targetHints":{"allow":["GET"]}}],"collection":[{"href":"https:\/\/linitiative.ca\/International\/wp-json\/wp\/v2\/posts"}],"about":[{"href":"https:\/\/linitiative.ca\/International\/wp-json\/wp\/v2\/types\/post"}],"author":[{"embeddable":true,"href":"https:\/\/linitiative.ca\/International\/wp-json\/wp\/v2\/users\/1965"}],"replies":[{"embeddable":true,"href":"https:\/\/linitiative.ca\/International\/wp-json\/wp\/v2\/comments?post=137706"}],"version-history":[{"count":0,"href":"https:\/\/linitiative.ca\/International\/wp-json\/wp\/v2\/posts\/137706\/revisions"}],"wp:attachment":[{"href":"https:\/\/linitiative.ca\/International\/wp-json\/wp\/v2\/media?parent=137706"}],"wp:term":[{"taxonomy":"category","embeddable":true,"href":"https:\/\/linitiative.ca\/International\/wp-json\/wp\/v2\/categories?post=137706"},{"taxonomy":"post_tag","embeddable":true,"href":"https:\/\/linitiative.ca\/International\/wp-json\/wp\/v2\/tags?post=137706"}],"curies":[{"name":"wp","href":"https:\/\/api.w.org\/{rel}","templated":true}]}}