{"id":137710,"date":"2022-01-04T15:18:03","date_gmt":"2022-01-04T20:18:03","guid":{"rendered":"https:\/\/linitiative.ca\/International\/cameroun-2021-la-can-de-la-demesure\/"},"modified":"2022-01-04T15:18:03","modified_gmt":"2022-01-04T20:18:03","slug":"cameroun-2021-la-can-de-la-demesure","status":"publish","type":"post","link":"https:\/\/linitiative.ca\/International\/cameroun-2021-la-can-de-la-demesure\/","title":{"rendered":"Cameroun 2021 : la Can de la d\u00e9mesure !"},"content":{"rendered":"<div>\n<p><img decoding=\"async\" width=\"860\" height=\"515\" src=\"https:\/\/linitiative.ca\/International\/wp-content\/uploads\/sites\/23\/2022\/01\/16413274847830.jpg\" class=\"attachment-post-thumbnail size-post-thumbnail wp-post-image\" alt=\"\" loading=\"lazy\" srcset=\"https:\/\/linitiative.ca\/International\/wp-content\/uploads\/sites\/23\/2022\/01\/16413274847830.jpg 860w, https:\/\/www.journalducameroun.com\/wp-content\/uploads\/2022\/01\/16413274847830-300x180.jpg 300w, https:\/\/www.journalducameroun.com\/wp-content\/uploads\/2022\/01\/16413274847830-768x460.jpg 768w, https:\/\/www.journalducameroun.com\/wp-content\/uploads\/2022\/01\/16413274847830-735x440.jpg 735w, https:\/\/www.journalducameroun.com\/wp-content\/uploads\/2022\/01\/16413274847830-600x359.jpg 600w\" sizes=\"auto, (max-width: 860px) 100vw, 860px\"><\/p>\n<p>Malgr\u00e9 une \u00e9conomie au ralenti sur le continent \u00e0 cause de la Covid-19, le Cameroun a mis les petits plats dans les grands pour organiser la 33\u00e8me \u00e9dition de la Coupe d&rsquo;Afrique des Nations.Les chiffres sont affolants. La Can 2021 qui s&rsquo;ouvre ce dimanche 9 janvier jusqu&rsquo;au 6 f\u00e9vrier 2022 au Cameroun, battra tous les records en termes d&rsquo;investissements financiers. Report\u00e9e \u00e0 deux reprises, la comp\u00e9tition suscite un engouement national au pays des Lions indomptables.<\/p>\n<p>Pour r\u00e9ussir l&rsquo;\u00e9v\u00e8nement, le pr\u00e9sident camerounais Paul Biya et son gouvernement n&rsquo;ont pas l\u00e9sin\u00e9 sur les moyens. Plus 520 milliards de FCFA (800 millions d&rsquo;euros) repr\u00e9sentant 2% du Produit int\u00e9rieur brut (PIB) du Cameroun ont \u00e9t\u00e9 d\u00e9bloqu\u00e9s pour l&rsquo;\u00e9rection d&rsquo;infrastructures sportives et l&rsquo;am\u00e9nagement du territoire national. Un budget colossal qui pourrait d\u00e9passer toutes les pr\u00e9visions tant les derniers r\u00e9glages semblent co\u00fbteux pour le gouvernement camerounais.<\/p>\n<p>Pour un pays dont la loi des finances de l&rsquo;ann\u00e9e \u00e9coul\u00e9e se chiffre \u00e0 5.762,4 milliards de F CFA, le budget de la Can a pomp\u00e9 une bonne partie des finances publiques. Poumon \u00e9conomique de la Communaut\u00e9 \u00e9conomique et mon\u00e9taire de l&rsquo;Afrique centrale (Cemac) avec plus de 40% du PIB, le Cameroun mise sur cette vitrine pour redorer son image et son prestige sur le continent.<\/p>\n<p>Quatre nouveaux stades sur les six qui doivent abriter la comp\u00e9tition sont sortis de terre. Dans la capitale Yaound\u00e9, il a fallu r\u00e9nover totalement le stade Ahmadou Ahidjo (40.000 places), avant de b\u00e2tir le stade d&rsquo;Olemb\u00e9 qui abritera neuf rencontres de la comp\u00e9tition dont le match d&rsquo;ouverture et finale. L&rsquo;ouvrage de 60.000 places, le plus cher des six stades, a co\u00fbt\u00e9 la bagatelle de 254 millions de dollars (166 milliards FCFA) au gouvernement camerounais.<\/p>\n<p>A Douala, deuxi\u00e8me ville du pays, tr\u00f4ne l&rsquo;\u00e9crin du Japoma Stadium (50.000 places), dont le co\u00fbt de construction atteint les 140 milliards de francs CFA. A Bafoussam et Limb\u00e9 (Ouest), deux stades de 20.000 places ont \u00e9t\u00e9 construits alors que celui de Garoua (25.000 places) a \u00e9t\u00e9 r\u00e9nov\u00e9 pour se conformer au cahier de charge de la Conf\u00e9d\u00e9ration africaine de football (Caf). Et comme si cela ne suffisait pas, une rallonge de 13 milliards Fcfa ont \u00e9t\u00e9 d\u00e9bloqu\u00e9s il y a quelques semaines pour remettre \u00e0 neuf tous les stades annexes qui vont servir de terrains d&rsquo;entra\u00eenement aux 24 \u00e9quipes participantes \u00e0 cette 33\u00e8me \u00e9dition.<\/p>\n<p>Au niveau des r\u00e9ceptifs h\u00f4teliers, l&rsquo;Etat camerounais a encore casqu\u00e9 fort en construisant l&rsquo;h\u00f4tel Krystal Palace \u00e0 Douala, le deuxi\u00e8me h\u00f4tel cinq \u00e9toiles au Cameroun. En somme, 80% des h\u00f4tels qui accueilleront les \u00e9quipes, les journalistes, les touristes sont soit neufs, soit r\u00e9nov\u00e9s. Plusieurs infrastructures routi\u00e8res ont \u00e9t\u00e9 aussi r\u00e9alis\u00e9es dans les villes d\u00e9sign\u00e9es afin de permettre la bonne tenue de la comp\u00e9tition. Mais ce n&rsquo;est pas tout, 182 milliards F CFA seront vers\u00e9s entre janvier et f\u00e9vrier \u00e0 Eneo, distributeur exclusif d&rsquo;\u00e9lectricit\u00e9 du pays, pour assurer une Can sans d\u00e9lestage.<\/p>\n<p>Autant dire que l&rsquo;\u00e9dition de cette ann\u00e9e est partie pour \u00eatre celle de tous les records. A titre de comparaison, l&rsquo;Egypte avait re\u00e7u une enveloppe de 30 millions d&rsquo;euros pour abriter la Can 2019 en se substituant au Cameroun qui n&rsquo;\u00e9tait pas pr\u00eat. Si ce montant peut s&rsquo;expliquer facilement par le fait que l&rsquo;Egypte disposait d\u00e9j\u00e0 de stades r\u00e9pondant aux normes, tel n&rsquo;\u00e9tait pas le cas pour le Gabon d&rsquo;Ali Bongo qui avait d\u00e9pens\u00e9 pr\u00e8s de 200 milliards F CFA pour accueillir l&rsquo;\u00e9dition 2017.<\/p>\n<p>Si le peuple camerounais attend des retomb\u00e9es b\u00e9n\u00e9fiques de la plus grande comp\u00e9tition bisannuelle de football du continent, les \u00e9normes investissements consentis durant cette Can doivent surtout s&rsquo;inscrire sur une vision de d\u00e9veloppement \u00e0 long terme pour redorer l&rsquo;\u00e9conomie du sport local camerounais avec l&rsquo;\u00e9pineuse question de la maintenance des stades.<\/p>\n<p>Cet article <a rel=\"nofollow\" href=\"https:\/\/www.journalducameroun.com\/cameroun-2021-la-can-de-la-demesure\/\">Cameroun 2021 : la Can de la d\u00e9mesure !<\/a> est apparu en premier sur <a rel=\"nofollow\" href=\"https:\/\/www.journalducameroun.com\/\">Journal du Cameroun<\/a>.<\/p>\n<\/div>\n<p>Auteur: APA News<br \/>\n<a href=\"https:\/\/www.journalducameroun.com\/cameroun-2021-la-can-de-la-demesure\/\">Cliquez ici pour lire l&rsquo;article depuis sa source.<\/a><\/p>\n","protected":false},"excerpt":{"rendered":"<p>Malgr\u00e9 une \u00e9conomie au ralenti sur le continent \u00e0 cause de la Covid-19, le Cameroun a mis les petits plats dans les grands pour organiser la 33\u00e8me \u00e9dition de la Coupe d&rsquo;Afrique des Nations.Les chiffres sont affolants. La Can 2021 qui s&rsquo;ouvre ce dimanche 9 janvier jusqu&rsquo;au 6 f\u00e9vrier 2022 au Cameroun, battra tous les [&hellip;]<\/p>\n","protected":false},"author":1965,"featured_media":0,"comment_status":"closed","ping_status":"closed","sticky":false,"template":"","format":"standard","meta":{"fifu_image_url":"https:\/\/www.journalducameroun.com\/wp-content\/uploads\/2022\/01\/16413274847830.jpg","fifu_image_alt":"Cameroun 2021 : la Can de la d\u00e9mesure !","footnotes":""},"categories":[73,82],"tags":[],"class_list":["post-137710","post","type-post","status-publish","format-standard","hentry","category-actualite","category-cameroun"],"_links":{"self":[{"href":"https:\/\/linitiative.ca\/International\/wp-json\/wp\/v2\/posts\/137710","targetHints":{"allow":["GET"]}}],"collection":[{"href":"https:\/\/linitiative.ca\/International\/wp-json\/wp\/v2\/posts"}],"about":[{"href":"https:\/\/linitiative.ca\/International\/wp-json\/wp\/v2\/types\/post"}],"author":[{"embeddable":true,"href":"https:\/\/linitiative.ca\/International\/wp-json\/wp\/v2\/users\/1965"}],"replies":[{"embeddable":true,"href":"https:\/\/linitiative.ca\/International\/wp-json\/wp\/v2\/comments?post=137710"}],"version-history":[{"count":0,"href":"https:\/\/linitiative.ca\/International\/wp-json\/wp\/v2\/posts\/137710\/revisions"}],"wp:attachment":[{"href":"https:\/\/linitiative.ca\/International\/wp-json\/wp\/v2\/media?parent=137710"}],"wp:term":[{"taxonomy":"category","embeddable":true,"href":"https:\/\/linitiative.ca\/International\/wp-json\/wp\/v2\/categories?post=137710"},{"taxonomy":"post_tag","embeddable":true,"href":"https:\/\/linitiative.ca\/International\/wp-json\/wp\/v2\/tags?post=137710"}],"curies":[{"name":"wp","href":"https:\/\/api.w.org\/{rel}","templated":true}]}}